{"id":5413,"date":"2026-01-21T15:36:39","date_gmt":"2026-01-21T18:36:39","guid":{"rendered":"https:\/\/www.diariomunicipal-al.com.br\/uniao\/?p=5413"},"modified":"2026-01-21T15:36:39","modified_gmt":"2026-01-21T18:36:39","slug":"aviso-de-cotacao-3","status":"publish","type":"post","link":"https:\/\/www.diariomunicipal-al.com.br\/uniao\/aviso-de-cotacao-3\/","title":{"rendered":"AVISO DE COTA\u00c7\u00c3O"},"content":{"rendered":"\n<p>A <strong>SUPERINTEND\u00caNCIA MUNICIPAL DE TRANSPORTE E TR\u00c2NSITO \u2013 SMTT<\/strong>, informa que est\u00e1 recebendo proposta or\u00e7ament\u00e1ria para o Projeto \u201cTr\u00e2nsito Seguro e Consciente \u2013 A\u00e7\u00f5es Educativas e Preventivas no Munic\u00edpio de Uni\u00e3o dos Palmares\u201d<strong>.<\/strong><\/p>\n\n\n\n<p><strong>OBJETO: <\/strong>Chamamento P\u00fablico para a sele\u00e7\u00e3o de uma Organiza\u00e7\u00e3o da Sociedade Civil &#8211; OSC interessada em firmar Termo de Colabora\u00e7\u00e3o com a Prefeitura Municipal de Uni\u00e3o dos Palmares\/AL para realiza\u00e7\u00e3o das atividades do Projeto \u201cTr\u00e2nsito Seguro e Consciente \u2013 A\u00e7\u00f5es Educativas e Preventivas\u201d neste munic\u00edpio.<\/p>\n\n\n\n<p><strong>PRAZO: <\/strong>As propostas dever\u00e3o ser enviadas em at\u00e9 10 (dez) dias \u00fateis a contar desta publica\u00e7\u00e3o.<\/p>\n\n\n\n<p>Para ter <strong>acesso ao Plano de Trabalho<\/strong> base que dever\u00e1 ser observado para formula\u00e7\u00e3o da proposta, os interessados dever\u00e3o realizar a solicita\u00e7\u00e3o do referido documento por meio do seguinte endere\u00e7o eletr\u00f4nico:<strong> claudiovirgilio@hotmail.com<\/strong><\/p>\n","protected":false},"excerpt":{"rendered":"<p>A SUPERINTEND\u00caNCIA MUNICIPAL DE TRANSPORTE E TR\u00c2NSITO \u2013 SMTT, informa que est\u00e1 recebendo proposta or\u00e7ament\u00e1ria para o Projeto \u201cTr\u00e2nsito Seguro e Consciente \u2013 A\u00e7\u00f5es Educativas e Preventivas no Munic\u00edpio de Uni\u00e3o dos Palmares\u201d. OBJETO: Chamamento P\u00fablico para a sele\u00e7\u00e3o de uma Organiza\u00e7\u00e3o da Sociedade Civil &#8211; OSC interessada em firmar Termo de Colabora\u00e7\u00e3o com a [&hellip;]<\/p>\n","protected":false},"author":5,"featured_media":0,"comment_status":"open","ping_status":"open","sticky":false,"template":"","format":"standard","meta":{"footnotes":""},"categories":[1],"tags":[],"class_list":["post-5413","post","type-post","status-publish","format-standard","hentry","category-licitacoes"],"_links":{"self":[{"href":"https:\/\/www.diariomunicipal-al.com.br\/uniao\/wp-json\/wp\/v2\/posts\/5413","targetHints":{"allow":["GET"]}}],"collection":[{"href":"https:\/\/www.diariomunicipal-al.com.br\/uniao\/wp-json\/wp\/v2\/posts"}],"about":[{"href":"https:\/\/www.diariomunicipal-al.com.br\/uniao\/wp-json\/wp\/v2\/types\/post"}],"author":[{"embeddable":true,"href":"https:\/\/www.diariomunicipal-al.com.br\/uniao\/wp-json\/wp\/v2\/users\/5"}],"replies":[{"embeddable":true,"href":"https:\/\/www.diariomunicipal-al.com.br\/uniao\/wp-json\/wp\/v2\/comments?post=5413"}],"version-history":[{"count":1,"href":"https:\/\/www.diariomunicipal-al.com.br\/uniao\/wp-json\/wp\/v2\/posts\/5413\/revisions"}],"predecessor-version":[{"id":5414,"href":"https:\/\/www.diariomunicipal-al.com.br\/uniao\/wp-json\/wp\/v2\/posts\/5413\/revisions\/5414"}],"wp:attachment":[{"href":"https:\/\/www.diariomunicipal-al.com.br\/uniao\/wp-json\/wp\/v2\/media?parent=5413"}],"wp:term":[{"taxonomy":"category","embeddable":true,"href":"https:\/\/www.diariomunicipal-al.com.br\/uniao\/wp-json\/wp\/v2\/categories?post=5413"},{"taxonomy":"post_tag","embeddable":true,"href":"https:\/\/www.diariomunicipal-al.com.br\/uniao\/wp-json\/wp\/v2\/tags?post=5413"}],"curies":[{"name":"wp","href":"https:\/\/api.w.org\/{rel}","templated":true}]}}