{"id":5747,"date":"2026-03-09T21:33:56","date_gmt":"2026-03-10T00:33:56","guid":{"rendered":"https:\/\/www.diariomunicipal-al.com.br\/uniao\/?p=5747"},"modified":"2026-03-09T21:33:56","modified_gmt":"2026-03-10T00:33:56","slug":"lei-municipal-n-1-671-de-9-de-marco-de-2026","status":"publish","type":"post","link":"https:\/\/www.diariomunicipal-al.com.br\/uniao\/lei-municipal-n-1-671-de-9-de-marco-de-2026\/","title":{"rendered":"LEI MUNICIPAL N\u00b0 1.671, DE 9 DE MAR\u00c7O DE 2026."},"content":{"rendered":"\n<p>DENOMINA VIA P\u00daBLICA LOCALIZADA NO LOTEAMENTO ABDON VER\u00cdSSIMO II, NESTE MUNIC\u00cdPIO, DE RUA FERNANDO HONORIO -\u201cHEWRY\u201d, E D\u00c1 OUTRAS PROVID\u00caNCIAS.<\/p>\n\n\n\n<p><\/p>\n\n\n\n<p>O PREFEITO DE UNI\u00c3O DOS PALMARES, ALAGOAS, no uso das atribui\u00e7\u00f5es que lhe s\u00e3o conferidas por lei, faz saber que a C\u00e2mara Municipal decretou e eu sanciono a seguinte lei:<\/p>\n\n\n\n<p><\/p>\n\n\n\n<p>Art. 1\u00ba Fica denominada Rua Fernando Honorio &#8211; \u201cHewry\u201d a via p\u00fablica que tem in\u00edcio na Rua Juvenal Mendon\u00e7a, findando na Serra da Laje, situada entre as Ruas Rainha da Paz e Ant\u00f4nio Pereira de Moraes, no Loteamento Abdon Ver\u00edssimo II, neste munic\u00edpio.<\/p>\n\n\n\n<p>Art. 2\u00ba O Poder Executivo Municipal providenciar\u00e1 a atualiza\u00e7\u00e3o da nomenclatura junto aos \u00f3rg\u00e3os competentes e promover\u00e1 a instala\u00e7\u00e3o das respectivas placas indicativas com o novo nome da via.<\/p>\n\n\n\n<p>Art. 3\u00ba Esta lei entra em vigor na data de sua publica\u00e7\u00e3o, revogadas as disposi\u00e7\u00f5es em contr\u00e1rio.<\/p>\n\n\n\n<p><\/p>\n\n\n\n<p>Uni\u00e3o dos Palmares, Alagoas, em 9 de mar\u00e7o de 2026.<\/p>\n\n\n\n<p><\/p>\n\n\n\n<p>JOS\u00c9 IRAN MENEZES DA SILVA JUNIOR<\/p>\n\n\n\n<p>Prefeito<\/p>\n\n\n\n<p><\/p>\n","protected":false},"excerpt":{"rendered":"<p>DENOMINA VIA P\u00daBLICA LOCALIZADA NO LOTEAMENTO ABDON VER\u00cdSSIMO II, NESTE MUNIC\u00cdPIO, DE RUA FERNANDO HONORIO -\u201cHEWRY\u201d, E D\u00c1 OUTRAS PROVID\u00caNCIAS. O PREFEITO DE UNI\u00c3O DOS PALMARES, ALAGOAS, no uso das atribui\u00e7\u00f5es que lhe s\u00e3o conferidas por lei, faz saber que a C\u00e2mara Municipal decretou e eu sanciono a seguinte lei: Art. 1\u00ba Fica denominada Rua [&hellip;]<\/p>\n","protected":false},"author":2,"featured_media":0,"comment_status":"open","ping_status":"open","sticky":false,"template":"","format":"standard","meta":{"footnotes":""},"categories":[2],"tags":[],"class_list":["post-5747","post","type-post","status-publish","format-standard","hentry","category-leis"],"_links":{"self":[{"href":"https:\/\/www.diariomunicipal-al.com.br\/uniao\/wp-json\/wp\/v2\/posts\/5747","targetHints":{"allow":["GET"]}}],"collection":[{"href":"https:\/\/www.diariomunicipal-al.com.br\/uniao\/wp-json\/wp\/v2\/posts"}],"about":[{"href":"https:\/\/www.diariomunicipal-al.com.br\/uniao\/wp-json\/wp\/v2\/types\/post"}],"author":[{"embeddable":true,"href":"https:\/\/www.diariomunicipal-al.com.br\/uniao\/wp-json\/wp\/v2\/users\/2"}],"replies":[{"embeddable":true,"href":"https:\/\/www.diariomunicipal-al.com.br\/uniao\/wp-json\/wp\/v2\/comments?post=5747"}],"version-history":[{"count":1,"href":"https:\/\/www.diariomunicipal-al.com.br\/uniao\/wp-json\/wp\/v2\/posts\/5747\/revisions"}],"predecessor-version":[{"id":5748,"href":"https:\/\/www.diariomunicipal-al.com.br\/uniao\/wp-json\/wp\/v2\/posts\/5747\/revisions\/5748"}],"wp:attachment":[{"href":"https:\/\/www.diariomunicipal-al.com.br\/uniao\/wp-json\/wp\/v2\/media?parent=5747"}],"wp:term":[{"taxonomy":"category","embeddable":true,"href":"https:\/\/www.diariomunicipal-al.com.br\/uniao\/wp-json\/wp\/v2\/categories?post=5747"},{"taxonomy":"post_tag","embeddable":true,"href":"https:\/\/www.diariomunicipal-al.com.br\/uniao\/wp-json\/wp\/v2\/tags?post=5747"}],"curies":[{"name":"wp","href":"https:\/\/api.w.org\/{rel}","templated":true}]}}