{"id":597,"date":"2021-07-27T14:28:57","date_gmt":"2021-07-27T17:28:57","guid":{"rendered":"https:\/\/www.diariomunicipal-al.com.br\/uniao\/?p=597"},"modified":"2021-07-27T14:28:57","modified_gmt":"2021-07-27T17:28:57","slug":"aviso-de-licitacao-tp-01-2021-licenca-de-uso-de-software-integrado-de-gestao-publica","status":"publish","type":"post","link":"https:\/\/www.diariomunicipal-al.com.br\/uniao\/aviso-de-licitacao-tp-01-2021-licenca-de-uso-de-software-integrado-de-gestao-publica\/","title":{"rendered":"AVISO DE LICITA\u00c7\u00c3O &#8211; TP 01-2021 &#8211; LICEN\u00c7A DE USO DE SOFTWARE INTEGRADO DE GEST\u00c3O P\u00daBLICA"},"content":{"rendered":"\n<h1 class=\"has-text-align-center wp-block-heading\">Estado de Alagoas<\/h1>\n\n\n\n<h1 class=\"has-text-align-center wp-block-heading\">Prefeitura Municipal de Uni\u00e3o dos Palmares<\/h1>\n\n\n\n<p class=\"has-text-align-center\">Aviso de Licita\u00e7\u00e3o<\/p>\n\n\n\n<p>Tomada de Pre\u00e7os n\u00b0 01\/2021. Objeto: contrata\u00e7\u00e3o de empresa especializada para licen\u00e7a de uso de software integrado de gest\u00e3o p\u00fablica. Data: 27\/08\/2021, \u00e0s 10h00min. Editais Dispon\u00edveis na Rua Marechal Deodoro da Fonseca, s\/n, Centro, Uni\u00e3o dos Palmares\/AL, no s\u00edtio www.uniaodospalmares.al.gov.br ou ainda pelo e-mail licitauniao@gmail.com.<\/p>\n\n\n\n<p class=\"has-text-align-center\">Amanda S. de Oliveira<\/p>\n\n\n\n<p class=\"has-text-align-center\">Presidente da CPL<\/p>\n","protected":false},"excerpt":{"rendered":"<p>Estado de Alagoas Prefeitura Municipal de Uni\u00e3o dos Palmares Aviso de Licita\u00e7\u00e3o Tomada de Pre\u00e7os n\u00b0 01\/2021. Objeto: contrata\u00e7\u00e3o de empresa especializada para licen\u00e7a de uso de software integrado de gest\u00e3o p\u00fablica. Data: 27\/08\/2021, \u00e0s 10h00min. Editais Dispon\u00edveis na Rua Marechal Deodoro da Fonseca, s\/n, Centro, Uni\u00e3o dos Palmares\/AL, no s\u00edtio www.uniaodospalmares.al.gov.br ou ainda pelo [&hellip;]<\/p>\n","protected":false},"author":5,"featured_media":0,"comment_status":"open","ping_status":"open","sticky":false,"template":"","format":"standard","meta":{"footnotes":""},"categories":[1],"tags":[],"class_list":["post-597","post","type-post","status-publish","format-standard","hentry","category-licitacoes"],"_links":{"self":[{"href":"https:\/\/www.diariomunicipal-al.com.br\/uniao\/wp-json\/wp\/v2\/posts\/597","targetHints":{"allow":["GET"]}}],"collection":[{"href":"https:\/\/www.diariomunicipal-al.com.br\/uniao\/wp-json\/wp\/v2\/posts"}],"about":[{"href":"https:\/\/www.diariomunicipal-al.com.br\/uniao\/wp-json\/wp\/v2\/types\/post"}],"author":[{"embeddable":true,"href":"https:\/\/www.diariomunicipal-al.com.br\/uniao\/wp-json\/wp\/v2\/users\/5"}],"replies":[{"embeddable":true,"href":"https:\/\/www.diariomunicipal-al.com.br\/uniao\/wp-json\/wp\/v2\/comments?post=597"}],"version-history":[{"count":1,"href":"https:\/\/www.diariomunicipal-al.com.br\/uniao\/wp-json\/wp\/v2\/posts\/597\/revisions"}],"predecessor-version":[{"id":598,"href":"https:\/\/www.diariomunicipal-al.com.br\/uniao\/wp-json\/wp\/v2\/posts\/597\/revisions\/598"}],"wp:attachment":[{"href":"https:\/\/www.diariomunicipal-al.com.br\/uniao\/wp-json\/wp\/v2\/media?parent=597"}],"wp:term":[{"taxonomy":"category","embeddable":true,"href":"https:\/\/www.diariomunicipal-al.com.br\/uniao\/wp-json\/wp\/v2\/categories?post=597"},{"taxonomy":"post_tag","embeddable":true,"href":"https:\/\/www.diariomunicipal-al.com.br\/uniao\/wp-json\/wp\/v2\/tags?post=597"}],"curies":[{"name":"wp","href":"https:\/\/api.w.org\/{rel}","templated":true}]}}