{"id":6046,"date":"2026-04-27T11:42:41","date_gmt":"2026-04-27T14:42:41","guid":{"rendered":"https:\/\/www.diariomunicipal-al.com.br\/uniao\/?p=6046"},"modified":"2026-04-27T11:42:41","modified_gmt":"2026-04-27T14:42:41","slug":"portaria-no-032-de-27-de-abril-de-2026","status":"publish","type":"post","link":"https:\/\/www.diariomunicipal-al.com.br\/uniao\/portaria-no-032-de-27-de-abril-de-2026\/","title":{"rendered":"PORTARIA N\u00ba 032, DE 27 DE ABRIL DE 2026."},"content":{"rendered":"\n<p>NOMEIA OS MEMBROS DO COMIT\u00ca INTERSETORIAL DA PRIMEIRA INF\u00c2NCIA DE UNI\u00c3O DOS PALMARES E D\u00c1 OUTRAS PROVID\u00caNCIAS.<\/p>\n\n\n\n<p><\/p>\n\n\n\n<p><strong>O PREFEITO DE UNI\u00c3O DOS PALMARES, ALAGOAS,<\/strong> no uso das atribui\u00e7\u00f5es que lhe confere a Lei Org\u00e2nica Municipal;<\/p>\n\n\n\n<p><strong>CONSIDERANDO<\/strong> os termos do Decreto Municipal n\u00ba 025, de 15 de abril de 2026, que institui o Comit\u00ea Intersetorial da Primeira Inf\u00e2ncia no \u00e2mbito de Uni\u00e3o dos Palmares;<\/p>\n\n\n\n<p><\/p>\n\n\n\n<p><strong>RESOLVE:<\/strong><\/p>\n\n\n\n<p><\/p>\n\n\n\n<p><strong>Art. 1\u00ba <\/strong>Nomear os membros titulares do Comit\u00ea Intersetorial da Primeira Inf\u00e2ncia do Munic\u00edpio de Uni\u00e3o dos Palmares, conforme representa\u00e7\u00e3o dos \u00f3rg\u00e3os e entidades abaixo relacionados:<\/p>\n\n\n\n<p>I &#8211; Coordena\u00e7\u00e3o do Comit\u00ea:&nbsp;<\/p>\n\n\n\n<p><strong>Rose Mary Pereira de Moraes Vila Nova<\/strong>, 665.247.924-91;<\/p>\n\n\n\n<p>II &#8211; Secretaria Municipal de Assist\u00eancia Social:<\/p>\n\n\n\n<p><strong>Amanda Moreira de Lima<\/strong>, 055.267.474-50;<\/p>\n\n\n\n<p>III \u2013 Secretaria Municipal de Sa\u00fade:<\/p>\n\n\n\n<p><strong>Katyanne Machado de Ara\u00fajo<\/strong>, 024.529.714-64;<\/p>\n\n\n\n<p>IV \u2013 Secretaria Municipal de Educa\u00e7\u00e3o:<\/p>\n\n\n\n<p><strong>M\u00f4nica Maria de Andrade Lima<\/strong>, 699.910.904-44;<\/p>\n\n\n\n<p>V \u2013 Secretaria Municipal da Inf\u00e2ncia e Juventude:<\/p>\n\n\n\n<p><strong>Nathan Lins Vieira<\/strong>, 097.896.084-03;<\/p>\n\n\n\n<p>VI \u2013 Secretaria Municipal de Esportes:<\/p>\n\n\n\n<p><strong>Jonas Henrique Gomes da Silva<\/strong>, 100.437.794-09;<\/p>\n\n\n\n<p>VII \u2013 Secretaria Municipal de Meio Ambiente:<\/p>\n\n\n\n<p><strong>Jos\u00e9 Carlos Mizael da Silva<\/strong>, 548.278.764-87;<\/p>\n\n\n\n<p>VIII \u2013 Secretaria Municipal de Inclus\u00e3o Social e Igualdade Racial:<\/p>\n\n\n\n<p><strong>Aline Silvana Bento<\/strong>, 013.856.184-26;<\/p>\n\n\n\n<p>IX \u2013 Secretaria Municipal Geral de Administra\u00e7\u00e3o:<\/p>\n\n\n\n<p><strong>Neide Mitomari<\/strong>, 308.202.784-91;<\/p>\n\n\n\n<p>X \u2013 Secretaria Municipal de Cultura:<\/p>\n\n\n\n<p><strong>Barbara Bianca de Oliveira<\/strong>, 073.319.474-51;<\/p>\n\n\n\n<p>XI \u2013 Procuradoria Geral do Munic\u00edpio:<\/p>\n\n\n\n<p><strong>Juline Vergeti Onorato Valen\u00e7a<\/strong>, 084.851.234-09;<\/p>\n\n\n\n<p>XII \u2013 Superintend\u00eancia Municipal de Transportes e Tr\u00e2nsito:<\/p>\n\n\n\n<p><strong>Cl\u00e1udio Virg\u00edlio Alves<\/strong>, 789.890.515-68;<\/p>\n\n\n\n<p>XIII \u2013 Coordenadoria Municipal de Defesa Civil:<\/p>\n\n\n\n<p><strong>Claudenildo Antonio dos Santos<\/strong>, 125.389.944-46;<\/p>\n\n\n\n<p>XIV \u2013 Guarda Municipal:<\/p>\n\n\n\n<p><strong>Jos\u00e9 Fernando dos Santos<\/strong>, 777.553.834-15;<\/p>\n\n\n\n<p>XV \u2013 Conselho Municipal dos Direitos da Crian\u00e7a e do Adolescente \u2013 CMDCA:<\/p>\n\n\n\n<p><strong>Wedja Maria Rodrigues Silva Queiroz<\/strong>, 036.737.274-60;<\/p>\n\n\n\n<p>XVI \u2013 Conselho Tutelar:<\/p>\n\n\n\n<p><strong>Jos\u00e9 Helder Ferreira da Silva<\/strong>, 046.276.414-19.<\/p>\n\n\n\n<p><strong>Art. 2\u00ba <\/strong>Ficam nomeados, na qualidade de membros convidados do Comit\u00ea Intersetorial da Primeira Inf\u00e2ncia:<\/p>\n\n\n\n<p>I \u2013 Representante de Organiza\u00e7\u00e3o Comunit\u00e1ria com atua\u00e7\u00e3o na primeira inf\u00e2ncia:<br><strong>Josineide Andrade<\/strong>, 580.140.394-91, vinculada ao Centro de Forma\u00e7\u00e3o Social Rainha da Paz;<\/p>\n\n\n\n<p>II \u2013 Representante de pais de crian\u00e7as de 0 (zero) a 6 (seis) anos:<br><strong>Carla Aparecida da Silva<\/strong>, 710.225.144-07;<\/p>\n\n\n\n<p>III \u2013 Representante do N\u00facleo de Cidadania dos Adolescentes Palmarinos em A\u00e7\u00e3o \u2013 NuCAPA:<\/p>\n\n\n\n<p><strong>Ralyson Gabriel Silva da Silva<\/strong>, 219.329.397-09.<\/p>\n\n\n\n<p><strong>Art. 3\u00ba<\/strong> A Coordena\u00e7\u00e3o do Comit\u00ea Intersetorial da Primeira Inf\u00e2ncia ser\u00e1 exercida pela membra indicada no art. 1\u00ba, inc. I, desta Portaria.<\/p>\n\n\n\n<p><strong>Art. 4\u00ba<\/strong> Os membros nomeados exercer\u00e3o suas fun\u00e7\u00f5es sem percep\u00e7\u00e3o de qualquer remunera\u00e7\u00e3o, sendo considerados servi\u00e7os de relevante interesse p\u00fablico.<\/p>\n\n\n\n<p><strong>Art. 5\u00ba <\/strong>Esta portaria entra em vigor na data de sua publica\u00e7\u00e3o.<\/p>\n\n\n\n<p><\/p>\n\n\n\n<p>Uni\u00e3o dos Palmares, Alagoas, em 27 de abril de 2026.<\/p>\n\n\n\n<p><\/p>\n\n\n\n<p><strong>JOS\u00c9 IRAN MENEZES DA SILVA JUNIOR<\/strong><\/p>\n\n\n\n<p>Prefeito<\/p>\n","protected":false},"excerpt":{"rendered":"<p>NOMEIA OS MEMBROS DO COMIT\u00ca INTERSETORIAL DA PRIMEIRA INF\u00c2NCIA DE UNI\u00c3O DOS PALMARES E D\u00c1 OUTRAS PROVID\u00caNCIAS. O PREFEITO DE UNI\u00c3O DOS PALMARES, ALAGOAS, no uso das atribui\u00e7\u00f5es que lhe confere a Lei Org\u00e2nica Municipal; CONSIDERANDO os termos do Decreto Municipal n\u00ba 025, de 15 de abril de 2026, que institui o Comit\u00ea Intersetorial da [&hellip;]<\/p>\n","protected":false},"author":2,"featured_media":0,"comment_status":"open","ping_status":"open","sticky":false,"template":"","format":"standard","meta":{"footnotes":""},"categories":[6],"tags":[],"class_list":["post-6046","post","type-post","status-publish","format-standard","hentry","category-portarias"],"_links":{"self":[{"href":"https:\/\/www.diariomunicipal-al.com.br\/uniao\/wp-json\/wp\/v2\/posts\/6046","targetHints":{"allow":["GET"]}}],"collection":[{"href":"https:\/\/www.diariomunicipal-al.com.br\/uniao\/wp-json\/wp\/v2\/posts"}],"about":[{"href":"https:\/\/www.diariomunicipal-al.com.br\/uniao\/wp-json\/wp\/v2\/types\/post"}],"author":[{"embeddable":true,"href":"https:\/\/www.diariomunicipal-al.com.br\/uniao\/wp-json\/wp\/v2\/users\/2"}],"replies":[{"embeddable":true,"href":"https:\/\/www.diariomunicipal-al.com.br\/uniao\/wp-json\/wp\/v2\/comments?post=6046"}],"version-history":[{"count":1,"href":"https:\/\/www.diariomunicipal-al.com.br\/uniao\/wp-json\/wp\/v2\/posts\/6046\/revisions"}],"predecessor-version":[{"id":6047,"href":"https:\/\/www.diariomunicipal-al.com.br\/uniao\/wp-json\/wp\/v2\/posts\/6046\/revisions\/6047"}],"wp:attachment":[{"href":"https:\/\/www.diariomunicipal-al.com.br\/uniao\/wp-json\/wp\/v2\/media?parent=6046"}],"wp:term":[{"taxonomy":"category","embeddable":true,"href":"https:\/\/www.diariomunicipal-al.com.br\/uniao\/wp-json\/wp\/v2\/categories?post=6046"},{"taxonomy":"post_tag","embeddable":true,"href":"https:\/\/www.diariomunicipal-al.com.br\/uniao\/wp-json\/wp\/v2\/tags?post=6046"}],"curies":[{"name":"wp","href":"https:\/\/api.w.org\/{rel}","templated":true}]}}