{"id":6048,"date":"2026-03-06T14:49:00","date_gmt":"2026-03-06T17:49:00","guid":{"rendered":"https:\/\/www.diariomunicipal-al.com.br\/uniao\/?p=6048"},"modified":"2026-04-27T12:50:16","modified_gmt":"2026-04-27T15:50:16","slug":"resultado-sorteio-publico","status":"publish","type":"post","link":"https:\/\/www.diariomunicipal-al.com.br\/uniao\/resultado-sorteio-publico\/","title":{"rendered":"RESULTADO SORTEIO P\u00daBLICO"},"content":{"rendered":"\n<p>MUNIC\u00cdPIO DE UNI\u00c3O DOS PALMARES\/AL<\/p>\n\n\n\n<p>RESULTADO SORTEIO P\u00daBLICO<\/p>\n\n\n\n<p>PROCESSO N\u00ba 1001120200022025<\/p>\n\n\n\n<p>A Prefeitura Municipal de Uni\u00e3o dos Palmares, Estado de Alagoas, atrav\u00e9s da Comiss\u00e3o de Contrata\u00e7\u00e3o, torna p\u00fablico o resultado do sorteio dos profissionais que passar\u00e3o a compor a subcomiss\u00e3o t\u00e9cnica:<\/p>\n\n\n\n<figure class=\"wp-block-table\"><table class=\"has-fixed-layout\"><tbody><tr><td>RELA\u00c7\u00c3O DOS PROFISSIONAIS COM V\u00cdNCULO<\/td><\/tr><tr><td><a>LUIZ FERNANDO NASCIMENTO DE LIMA<\/a><\/td><\/tr><tr><td>ANA KAROLINY DO CARMO FERREIRA<\/td><\/tr><tr><td>RELA\u00c7\u00c3O DOS PROFISSIONAIS SEM<\/td><\/tr><tr><td>WADSON REGIS VIEIRA DA SILVA<\/td><\/tr><\/tbody><\/table><\/figure>\n\n\n\n<p>Com os seguintes suplentes:<\/p>\n\n\n\n<figure class=\"wp-block-table\"><table class=\"has-fixed-layout\"><tbody><tr><td>RELA\u00c7\u00c3O DOS PROFISSIONAIS COM V\u00cdNCULO<\/td><\/tr><tr><td>JOS\u00c9 DAVID DOS SANTOS SILVA<\/td><\/tr><tr><td>JO\u00c3O BRUNO DA SILVA SANTOS<\/td><\/tr><tr><td>RELA\u00c7\u00c3O DOS PROFISSIONAIS SEM<\/td><\/tr><tr><td>JOS\u00c9 VALDERI DE MELO<\/td><\/tr><\/tbody><\/table><\/figure>\n\n\n\n<p>Clingeson Correia da Silva Bida<\/p>\n\n\n\n<p>Presidente<\/p>\n","protected":false},"excerpt":{"rendered":"<p>MUNIC\u00cdPIO DE UNI\u00c3O DOS PALMARES\/AL RESULTADO SORTEIO P\u00daBLICO PROCESSO N\u00ba 1001120200022025 A Prefeitura Municipal de Uni\u00e3o dos Palmares, Estado de Alagoas, atrav\u00e9s da Comiss\u00e3o de Contrata\u00e7\u00e3o, torna p\u00fablico o resultado do sorteio dos profissionais que passar\u00e3o a compor a subcomiss\u00e3o t\u00e9cnica: RELA\u00c7\u00c3O DOS PROFISSIONAIS COM V\u00cdNCULO LUIZ FERNANDO NASCIMENTO DE LIMA ANA KAROLINY DO CARMO [&hellip;]<\/p>\n","protected":false},"author":5,"featured_media":0,"comment_status":"open","ping_status":"open","sticky":false,"template":"","format":"standard","meta":{"footnotes":""},"categories":[1],"tags":[],"class_list":["post-6048","post","type-post","status-publish","format-standard","hentry","category-licitacoes"],"_links":{"self":[{"href":"https:\/\/www.diariomunicipal-al.com.br\/uniao\/wp-json\/wp\/v2\/posts\/6048","targetHints":{"allow":["GET"]}}],"collection":[{"href":"https:\/\/www.diariomunicipal-al.com.br\/uniao\/wp-json\/wp\/v2\/posts"}],"about":[{"href":"https:\/\/www.diariomunicipal-al.com.br\/uniao\/wp-json\/wp\/v2\/types\/post"}],"author":[{"embeddable":true,"href":"https:\/\/www.diariomunicipal-al.com.br\/uniao\/wp-json\/wp\/v2\/users\/5"}],"replies":[{"embeddable":true,"href":"https:\/\/www.diariomunicipal-al.com.br\/uniao\/wp-json\/wp\/v2\/comments?post=6048"}],"version-history":[{"count":1,"href":"https:\/\/www.diariomunicipal-al.com.br\/uniao\/wp-json\/wp\/v2\/posts\/6048\/revisions"}],"predecessor-version":[{"id":6049,"href":"https:\/\/www.diariomunicipal-al.com.br\/uniao\/wp-json\/wp\/v2\/posts\/6048\/revisions\/6049"}],"wp:attachment":[{"href":"https:\/\/www.diariomunicipal-al.com.br\/uniao\/wp-json\/wp\/v2\/media?parent=6048"}],"wp:term":[{"taxonomy":"category","embeddable":true,"href":"https:\/\/www.diariomunicipal-al.com.br\/uniao\/wp-json\/wp\/v2\/categories?post=6048"},{"taxonomy":"post_tag","embeddable":true,"href":"https:\/\/www.diariomunicipal-al.com.br\/uniao\/wp-json\/wp\/v2\/tags?post=6048"}],"curies":[{"name":"wp","href":"https:\/\/api.w.org\/{rel}","templated":true}]}}