{"id":6054,"date":"2025-07-17T10:53:00","date_gmt":"2025-07-17T13:53:00","guid":{"rendered":"https:\/\/www.diariomunicipal-al.com.br\/uniao\/?p=6054"},"modified":"2026-04-27T19:56:44","modified_gmt":"2026-04-27T22:56:44","slug":"do-interesse-em-firmar-termo-de-fomento-e-justificativa-processo-no-1003071400062025","status":"publish","type":"post","link":"https:\/\/www.diariomunicipal-al.com.br\/uniao\/do-interesse-em-firmar-termo-de-fomento-e-justificativa-processo-no-1003071400062025\/","title":{"rendered":"DO INTERESSE EM FIRMAR TERMO DE FOMENTO E JUSTIFICATIVA PROCESSO N\u00ba: 1003071400062025"},"content":{"rendered":"\n<p>A ASSOCIA\u00c7\u00c3O DE CATADORES DE MATERIAIS RECICL\u00c1VEIS DE UNI\u00c3O DOS PALMARES \u2013 ACMAR, associa\u00e7\u00e3o de direito privado, objetiva firmar parceria com a Administra\u00e7\u00e3o P\u00fablica Municipal, mais precisamente com a Secretaria Municipal de Assist\u00eancia Social, nos moldes do Plano de Trabalho que tem como objeto estabelecer em regime de coopera\u00e7\u00e3o m\u00fatua, o desenvolvimento de a\u00e7\u00f5es socioambientais, de forma complementar, direcionadas \u00e0 promo\u00e7\u00e3o de atividades voltadas ao manuseio, coleta seletiva e log\u00edstica reversa de res\u00edduos s\u00f3lidos.<\/p>\n\n\n\n<div class=\"wp-block-file\"><a id=\"wp-block-file--media-d69441c1-9c83-4a02-a5d1-ce7bee2ffab8\" href=\"https:\/\/www.diariomunicipal-al.com.br\/uniao\/wp-content\/uploads\/2026\/04\/Do-interesse-no-termo-de-fomento.pdf\" target=\"_blank\" rel=\"noreferrer noopener\">Do interesse no termo de fomento<\/a><a href=\"https:\/\/www.diariomunicipal-al.com.br\/uniao\/wp-content\/uploads\/2026\/04\/Do-interesse-no-termo-de-fomento.pdf\" class=\"wp-block-file__button wp-element-button\" download aria-describedby=\"wp-block-file--media-d69441c1-9c83-4a02-a5d1-ce7bee2ffab8\">Baixar<\/a><\/div>\n","protected":false},"excerpt":{"rendered":"<p>A ASSOCIA\u00c7\u00c3O DE CATADORES DE MATERIAIS RECICL\u00c1VEIS DE UNI\u00c3O DOS PALMARES \u2013 ACMAR, associa\u00e7\u00e3o de direito privado, objetiva firmar parceria com a Administra\u00e7\u00e3o P\u00fablica Municipal, mais precisamente com a Secretaria Municipal de Assist\u00eancia Social, nos moldes do Plano de Trabalho que tem como objeto estabelecer em regime de coopera\u00e7\u00e3o m\u00fatua, o desenvolvimento de a\u00e7\u00f5es socioambientais, [&hellip;]<\/p>\n","protected":false},"author":4,"featured_media":0,"comment_status":"open","ping_status":"open","sticky":false,"template":"","format":"standard","meta":{"footnotes":""},"categories":[3],"tags":[],"class_list":["post-6054","post","type-post","status-publish","format-standard","hentry","category-edital"],"_links":{"self":[{"href":"https:\/\/www.diariomunicipal-al.com.br\/uniao\/wp-json\/wp\/v2\/posts\/6054","targetHints":{"allow":["GET"]}}],"collection":[{"href":"https:\/\/www.diariomunicipal-al.com.br\/uniao\/wp-json\/wp\/v2\/posts"}],"about":[{"href":"https:\/\/www.diariomunicipal-al.com.br\/uniao\/wp-json\/wp\/v2\/types\/post"}],"author":[{"embeddable":true,"href":"https:\/\/www.diariomunicipal-al.com.br\/uniao\/wp-json\/wp\/v2\/users\/4"}],"replies":[{"embeddable":true,"href":"https:\/\/www.diariomunicipal-al.com.br\/uniao\/wp-json\/wp\/v2\/comments?post=6054"}],"version-history":[{"count":1,"href":"https:\/\/www.diariomunicipal-al.com.br\/uniao\/wp-json\/wp\/v2\/posts\/6054\/revisions"}],"predecessor-version":[{"id":6056,"href":"https:\/\/www.diariomunicipal-al.com.br\/uniao\/wp-json\/wp\/v2\/posts\/6054\/revisions\/6056"}],"wp:attachment":[{"href":"https:\/\/www.diariomunicipal-al.com.br\/uniao\/wp-json\/wp\/v2\/media?parent=6054"}],"wp:term":[{"taxonomy":"category","embeddable":true,"href":"https:\/\/www.diariomunicipal-al.com.br\/uniao\/wp-json\/wp\/v2\/categories?post=6054"},{"taxonomy":"post_tag","embeddable":true,"href":"https:\/\/www.diariomunicipal-al.com.br\/uniao\/wp-json\/wp\/v2\/tags?post=6054"}],"curies":[{"name":"wp","href":"https:\/\/api.w.org\/{rel}","templated":true}]}}