{"id":6061,"date":"2026-04-29T06:13:50","date_gmt":"2026-04-29T09:13:50","guid":{"rendered":"https:\/\/www.diariomunicipal-al.com.br\/uniao\/?p=6061"},"modified":"2026-04-29T06:16:24","modified_gmt":"2026-04-29T09:16:24","slug":"aviso-de-licitacao-concorrencia-no-07-2026","status":"publish","type":"post","link":"https:\/\/www.diariomunicipal-al.com.br\/uniao\/aviso-de-licitacao-concorrencia-no-07-2026\/","title":{"rendered":"AVISO DE LICITA\u00c7\u00c3O &#8211; CONCORR\u00caNCIA N\u00ba 07\/2026"},"content":{"rendered":"\n<p>MUNIC\u00cdPIO DE UNI\u00c3O DOS PALMARES<\/p>\n\n\n\n<p>AVISO DE LICITA\u00c7\u00c3O<\/p>\n\n\n\n<p>CONCORR\u00caNCIA N\u00ba 07\/2026<\/p>\n\n\n\n<p>Modalidade\/N\u00ba: Concorr\u00eancia n\u00ba 07\/2026 \u2013 Tipo: T\u00e9cnica e pre\u00e7o \u2013 Objeto: presta\u00e7\u00e3o de servi\u00e7os de publicidade a serem prestados por ag\u00eancia de propaganda, compreendendo o conjunto de atividades realizadas integradamente que tenham por objetivo o estudo, o planejamento, a conceitua\u00e7\u00e3o, a concep\u00e7\u00e3o, a cria\u00e7\u00e3o, a execu\u00e7\u00e3o interna, a intermedia\u00e7\u00e3o e a supervis\u00e3o da execu\u00e7\u00e3o externa e a distribui\u00e7\u00e3o de publicidade de car\u00e1ter institucional de compet\u00eancia da Prefeitura Municipal de Uni\u00e3o dos Palmares \u2013 Data\/Hor\u00e1rio: 23 de junho de 2026 \u00e0s 10:00hs (dez horas) \u2013 <a><\/a>O Edital em inteiro teor encontra-se dispon\u00edvel no portal do munic\u00edpio, atrav\u00e9s do site http:\/\/www.uniaodospalmares.al.gov.br, no endere\u00e7o sede da Prefeitura localizada na Rua Marechal Deodoro da Fonseca, Centro, CEP 57.800-000, em dias \u00fateis, no hor\u00e1rio das 08 \u00e0s 13 horas, ou por meio eletr\u00f4nico, mediante solicita\u00e7\u00e3o enviada ao e-mail: licitacoes@uniaodospalmares.al.gov.br.<\/p>\n\n\n\n<p>Clingeson Correia da Silva Bida<\/p>\n\n\n\n<p>Comiss\u00e3o de Contrata\u00e7\u00e3o<\/p>\n\n\n\n<div data-wp-interactive=\"core\/file\" class=\"wp-block-file\"><object data-wp-bind--hidden=\"!state.hasPdfPreview\" hidden class=\"wp-block-file__embed\" data=\"https:\/\/www.diariomunicipal-al.com.br\/uniao\/wp-content\/uploads\/2026\/04\/EDITAL-CONCORRENCIA-07.2026-AGENCIA-DE-PUBLICIDADE.pdf\" type=\"application\/pdf\" style=\"width:100%;height:600px\" aria-label=\"Incorporado de EDITAL CONCORR\u00caNCIA 07.2026 - AG\u00caNCIA DE PUBLICIDADE.\"><\/object><a id=\"wp-block-file--media-93584849-a88f-4334-97b5-69915821daf3\" href=\"https:\/\/www.diariomunicipal-al.com.br\/uniao\/wp-content\/uploads\/2026\/04\/EDITAL-CONCORRENCIA-07.2026-AGENCIA-DE-PUBLICIDADE.pdf\">EDITAL CONCORR\u00caNCIA 07.2026 &#8211; AG\u00caNCIA DE PUBLICIDADE<\/a><a href=\"https:\/\/www.diariomunicipal-al.com.br\/uniao\/wp-content\/uploads\/2026\/04\/EDITAL-CONCORRENCIA-07.2026-AGENCIA-DE-PUBLICIDADE.pdf\" class=\"wp-block-file__button wp-element-button\" download aria-describedby=\"wp-block-file--media-93584849-a88f-4334-97b5-69915821daf3\">Baixar<\/a><\/div>\n","protected":false},"excerpt":{"rendered":"<p>MUNIC\u00cdPIO DE UNI\u00c3O DOS PALMARES AVISO DE LICITA\u00c7\u00c3O CONCORR\u00caNCIA N\u00ba 07\/2026 Modalidade\/N\u00ba: Concorr\u00eancia n\u00ba 07\/2026 \u2013 Tipo: T\u00e9cnica e pre\u00e7o \u2013 Objeto: presta\u00e7\u00e3o de servi\u00e7os de publicidade a serem prestados por ag\u00eancia de propaganda, compreendendo o conjunto de atividades realizadas integradamente que tenham por objetivo o estudo, o planejamento, a conceitua\u00e7\u00e3o, a concep\u00e7\u00e3o, a cria\u00e7\u00e3o, [&hellip;]<\/p>\n","protected":false},"author":5,"featured_media":0,"comment_status":"open","ping_status":"open","sticky":false,"template":"","format":"standard","meta":{"footnotes":""},"categories":[1],"tags":[],"class_list":["post-6061","post","type-post","status-publish","format-standard","hentry","category-licitacoes"],"_links":{"self":[{"href":"https:\/\/www.diariomunicipal-al.com.br\/uniao\/wp-json\/wp\/v2\/posts\/6061","targetHints":{"allow":["GET"]}}],"collection":[{"href":"https:\/\/www.diariomunicipal-al.com.br\/uniao\/wp-json\/wp\/v2\/posts"}],"about":[{"href":"https:\/\/www.diariomunicipal-al.com.br\/uniao\/wp-json\/wp\/v2\/types\/post"}],"author":[{"embeddable":true,"href":"https:\/\/www.diariomunicipal-al.com.br\/uniao\/wp-json\/wp\/v2\/users\/5"}],"replies":[{"embeddable":true,"href":"https:\/\/www.diariomunicipal-al.com.br\/uniao\/wp-json\/wp\/v2\/comments?post=6061"}],"version-history":[{"count":2,"href":"https:\/\/www.diariomunicipal-al.com.br\/uniao\/wp-json\/wp\/v2\/posts\/6061\/revisions"}],"predecessor-version":[{"id":6065,"href":"https:\/\/www.diariomunicipal-al.com.br\/uniao\/wp-json\/wp\/v2\/posts\/6061\/revisions\/6065"}],"wp:attachment":[{"href":"https:\/\/www.diariomunicipal-al.com.br\/uniao\/wp-json\/wp\/v2\/media?parent=6061"}],"wp:term":[{"taxonomy":"category","embeddable":true,"href":"https:\/\/www.diariomunicipal-al.com.br\/uniao\/wp-json\/wp\/v2\/categories?post=6061"},{"taxonomy":"post_tag","embeddable":true,"href":"https:\/\/www.diariomunicipal-al.com.br\/uniao\/wp-json\/wp\/v2\/tags?post=6061"}],"curies":[{"name":"wp","href":"https:\/\/api.w.org\/{rel}","templated":true}]}}