{"id":6071,"date":"2026-04-30T13:17:55","date_gmt":"2026-04-30T16:17:55","guid":{"rendered":"https:\/\/www.diariomunicipal-al.com.br\/uniao\/?p=6071"},"modified":"2026-04-30T13:18:15","modified_gmt":"2026-04-30T16:18:15","slug":"viso-de-chamamento-publico","status":"publish","type":"post","link":"https:\/\/www.diariomunicipal-al.com.br\/uniao\/viso-de-chamamento-publico\/","title":{"rendered":"AVISO DE CHAMAMENTO P\u00daBLICO"},"content":{"rendered":"\n<p>MUNIC\u00cdPIO DE UNI\u00c3O DOS PALMARES<\/p>\n\n\n\n<p>AVISO DE CHAMAMENTO P\u00daBLICO<\/p>\n\n\n\n<p>CHAMAMENTO P\u00daBLICO N\u00ba 01\/2026<\/p>\n\n\n\n<p>Procedimento: Chamamento P\u00fablico n\u00ba 01\/2026 Objeto: Chamamento P\u00fablico para sele\u00e7\u00e3o de organiza\u00e7\u00e3o da sociedade civil interessada em celebrar Termo de Colabora\u00e7\u00e3o com o Munic\u00edpio de Uni\u00e3o dos Palmares\/AL, por meio da Secretaria Municipal de Urbaniza\u00e7\u00e3o, Habita\u00e7\u00e3o e Obras P\u00fablicas, para execu\u00e7\u00e3o de projeto de manuten\u00e7\u00e3o da infraestrutura urbana com foco em servi\u00e7os de conserva\u00e7\u00e3o e qualifica\u00e7\u00e3o cidad\u00e3, nos termos do Plano de Trabalho \u2013 Data\/Hor\u00e1rio: 03 de JUNHO de 2026, \u00e0s 09:00hrs \u2013 Local: Rua Marechal Deodoro da Fonseca, s\/n, Bairro Centro, Cidade Uni\u00e3o dos Palmares\/AL, CEP 57.800-000 \u2013 Edital e Informa\u00e7\u00f5es: No endere\u00e7o acima, de 08:00 \u00e0s 13:00 horas em dias \u00fateis, ou mediante solicita\u00e7\u00e3o enviada ao e-mail: licitacoes@uniaodospalmares.al.gov.br.<\/p>\n\n\n\n<p>Clingeson Correia da Silva Bida<\/p>\n\n\n\n<p>Presidente da Comiss\u00e3o Permanente de Contrata\u00e7\u00e3o<\/p>\n\n\n\n<div data-wp-interactive=\"core\/file\" class=\"wp-block-file\"><object data-wp-bind--hidden=\"!state.hasPdfPreview\" hidden class=\"wp-block-file__embed\" data=\"https:\/\/www.diariomunicipal-al.com.br\/uniao\/wp-content\/uploads\/2026\/04\/Edital-CP-01.2026-INFRAESTRUTURA.pdf\" type=\"application\/pdf\" style=\"width:100%;height:600px\" aria-label=\"Incorporado de Edital CP 01.2026 - INFRAESTRUTURA.\"><\/object><a id=\"wp-block-file--media-e7466d28-35f0-4d98-b59b-aeb9faf1449e\" href=\"https:\/\/www.diariomunicipal-al.com.br\/uniao\/wp-content\/uploads\/2026\/04\/Edital-CP-01.2026-INFRAESTRUTURA.pdf\">Edital CP 01.2026 &#8211; INFRAESTRUTURA<\/a><a href=\"https:\/\/www.diariomunicipal-al.com.br\/uniao\/wp-content\/uploads\/2026\/04\/Edital-CP-01.2026-INFRAESTRUTURA.pdf\" class=\"wp-block-file__button wp-element-button\" download aria-describedby=\"wp-block-file--media-e7466d28-35f0-4d98-b59b-aeb9faf1449e\">Baixar<\/a><\/div>\n","protected":false},"excerpt":{"rendered":"<p>MUNIC\u00cdPIO DE UNI\u00c3O DOS PALMARES AVISO DE CHAMAMENTO P\u00daBLICO CHAMAMENTO P\u00daBLICO N\u00ba 01\/2026 Procedimento: Chamamento P\u00fablico n\u00ba 01\/2026 Objeto: Chamamento P\u00fablico para sele\u00e7\u00e3o de organiza\u00e7\u00e3o da sociedade civil interessada em celebrar Termo de Colabora\u00e7\u00e3o com o Munic\u00edpio de Uni\u00e3o dos Palmares\/AL, por meio da Secretaria Municipal de Urbaniza\u00e7\u00e3o, Habita\u00e7\u00e3o e Obras P\u00fablicas, para execu\u00e7\u00e3o de [&hellip;]<\/p>\n","protected":false},"author":5,"featured_media":0,"comment_status":"open","ping_status":"open","sticky":false,"template":"","format":"standard","meta":{"footnotes":""},"categories":[1],"tags":[],"class_list":["post-6071","post","type-post","status-publish","format-standard","hentry","category-licitacoes"],"_links":{"self":[{"href":"https:\/\/www.diariomunicipal-al.com.br\/uniao\/wp-json\/wp\/v2\/posts\/6071","targetHints":{"allow":["GET"]}}],"collection":[{"href":"https:\/\/www.diariomunicipal-al.com.br\/uniao\/wp-json\/wp\/v2\/posts"}],"about":[{"href":"https:\/\/www.diariomunicipal-al.com.br\/uniao\/wp-json\/wp\/v2\/types\/post"}],"author":[{"embeddable":true,"href":"https:\/\/www.diariomunicipal-al.com.br\/uniao\/wp-json\/wp\/v2\/users\/5"}],"replies":[{"embeddable":true,"href":"https:\/\/www.diariomunicipal-al.com.br\/uniao\/wp-json\/wp\/v2\/comments?post=6071"}],"version-history":[{"count":2,"href":"https:\/\/www.diariomunicipal-al.com.br\/uniao\/wp-json\/wp\/v2\/posts\/6071\/revisions"}],"predecessor-version":[{"id":6074,"href":"https:\/\/www.diariomunicipal-al.com.br\/uniao\/wp-json\/wp\/v2\/posts\/6071\/revisions\/6074"}],"wp:attachment":[{"href":"https:\/\/www.diariomunicipal-al.com.br\/uniao\/wp-json\/wp\/v2\/media?parent=6071"}],"wp:term":[{"taxonomy":"category","embeddable":true,"href":"https:\/\/www.diariomunicipal-al.com.br\/uniao\/wp-json\/wp\/v2\/categories?post=6071"},{"taxonomy":"post_tag","embeddable":true,"href":"https:\/\/www.diariomunicipal-al.com.br\/uniao\/wp-json\/wp\/v2\/tags?post=6071"}],"curies":[{"name":"wp","href":"https:\/\/api.w.org\/{rel}","templated":true}]}}