{"id":6076,"date":"2026-04-30T13:20:15","date_gmt":"2026-04-30T16:20:15","guid":{"rendered":"https:\/\/www.diariomunicipal-al.com.br\/uniao\/?p=6076"},"modified":"2026-04-30T13:20:15","modified_gmt":"2026-04-30T16:20:15","slug":"aviso-de-chamamento-publico","status":"publish","type":"post","link":"https:\/\/www.diariomunicipal-al.com.br\/uniao\/aviso-de-chamamento-publico\/","title":{"rendered":"AVISO DE CHAMAMENTO P\u00daBLICO"},"content":{"rendered":"\n<p>MUNIC\u00cdPIO DE UNI\u00c3O DOS PALMARES<\/p>\n\n\n\n<p>AVISO DE CHAMAMENTO P\u00daBLICO<\/p>\n\n\n\n<p>CHAMAMENTO P\u00daBLICO N\u00ba 02\/2026<\/p>\n\n\n\n<p>Procedimento: Chamamento P\u00fablico n\u00ba 02\/2026 Objeto: Chamamento P\u00fablico para sele\u00e7\u00e3o de organiza\u00e7\u00e3o da sociedade civil interessada em celebrar Termo de Colabora\u00e7\u00e3o com o Munic\u00edpio de Uni\u00e3o dos Palmares\/AL, por meio da Secretaria Municipal de Agricultura, para execu\u00e7\u00e3o de projeto de estrutura\u00e7\u00e3o de projeto de fortalecimento da agricultura de m\u00e9dio e pequeno porte, nos termos do Plano de Trabalho \u2013 Data\/Hor\u00e1rio: 03 de JUNHO de 2026, \u00e0s 10:30hrs \u2013 Local: Rua Marechal Deodoro da Fonseca, s\/n, Bairro Centro, Cidade Uni\u00e3o dos Palmares\/AL, CEP 57.800-000 \u2013 Edital e Informa\u00e7\u00f5es: No endere\u00e7o acima, de 08:00 \u00e0s 13:00 horas em dias \u00fateis, ou mediante solicita\u00e7\u00e3o enviada ao e-mail: licitacoes@uniaodospalmares.al.gov.br.<\/p>\n\n\n\n<p>Clingeson Correia da Silva Bida<\/p>\n\n\n\n<p>Presidente da Comiss\u00e3o Permanente de Contrata\u00e7\u00e3o<\/p>\n\n\n\n<div data-wp-interactive=\"core\/file\" class=\"wp-block-file\"><object data-wp-bind--hidden=\"!state.hasPdfPreview\" hidden class=\"wp-block-file__embed\" data=\"https:\/\/www.diariomunicipal-al.com.br\/uniao\/wp-content\/uploads\/2026\/04\/Edital-CP-02.2026-INFRAESTRUTURA.pdf\" type=\"application\/pdf\" style=\"width:100%;height:600px\" aria-label=\"Incorporado de Edital CP 02.2026 - INFRAESTRUTURA.\"><\/object><a id=\"wp-block-file--media-f706c4d4-88f6-4384-a5d7-0c8340f562b7\" href=\"https:\/\/www.diariomunicipal-al.com.br\/uniao\/wp-content\/uploads\/2026\/04\/Edital-CP-02.2026-INFRAESTRUTURA.pdf\">Edital CP 02.2026 &#8211; INFRAESTRUTURA<\/a><a href=\"https:\/\/www.diariomunicipal-al.com.br\/uniao\/wp-content\/uploads\/2026\/04\/Edital-CP-02.2026-INFRAESTRUTURA.pdf\" class=\"wp-block-file__button wp-element-button\" download aria-describedby=\"wp-block-file--media-f706c4d4-88f6-4384-a5d7-0c8340f562b7\">Baixar<\/a><\/div>\n","protected":false},"excerpt":{"rendered":"<p>MUNIC\u00cdPIO DE UNI\u00c3O DOS PALMARES AVISO DE CHAMAMENTO P\u00daBLICO CHAMAMENTO P\u00daBLICO N\u00ba 02\/2026 Procedimento: Chamamento P\u00fablico n\u00ba 02\/2026 Objeto: Chamamento P\u00fablico para sele\u00e7\u00e3o de organiza\u00e7\u00e3o da sociedade civil interessada em celebrar Termo de Colabora\u00e7\u00e3o com o Munic\u00edpio de Uni\u00e3o dos Palmares\/AL, por meio da Secretaria Municipal de Agricultura, para execu\u00e7\u00e3o de projeto de estrutura\u00e7\u00e3o de [&hellip;]<\/p>\n","protected":false},"author":5,"featured_media":0,"comment_status":"open","ping_status":"open","sticky":false,"template":"","format":"standard","meta":{"footnotes":""},"categories":[1],"tags":[],"class_list":["post-6076","post","type-post","status-publish","format-standard","hentry","category-licitacoes"],"_links":{"self":[{"href":"https:\/\/www.diariomunicipal-al.com.br\/uniao\/wp-json\/wp\/v2\/posts\/6076","targetHints":{"allow":["GET"]}}],"collection":[{"href":"https:\/\/www.diariomunicipal-al.com.br\/uniao\/wp-json\/wp\/v2\/posts"}],"about":[{"href":"https:\/\/www.diariomunicipal-al.com.br\/uniao\/wp-json\/wp\/v2\/types\/post"}],"author":[{"embeddable":true,"href":"https:\/\/www.diariomunicipal-al.com.br\/uniao\/wp-json\/wp\/v2\/users\/5"}],"replies":[{"embeddable":true,"href":"https:\/\/www.diariomunicipal-al.com.br\/uniao\/wp-json\/wp\/v2\/comments?post=6076"}],"version-history":[{"count":1,"href":"https:\/\/www.diariomunicipal-al.com.br\/uniao\/wp-json\/wp\/v2\/posts\/6076\/revisions"}],"predecessor-version":[{"id":6078,"href":"https:\/\/www.diariomunicipal-al.com.br\/uniao\/wp-json\/wp\/v2\/posts\/6076\/revisions\/6078"}],"wp:attachment":[{"href":"https:\/\/www.diariomunicipal-al.com.br\/uniao\/wp-json\/wp\/v2\/media?parent=6076"}],"wp:term":[{"taxonomy":"category","embeddable":true,"href":"https:\/\/www.diariomunicipal-al.com.br\/uniao\/wp-json\/wp\/v2\/categories?post=6076"},{"taxonomy":"post_tag","embeddable":true,"href":"https:\/\/www.diariomunicipal-al.com.br\/uniao\/wp-json\/wp\/v2\/tags?post=6076"}],"curies":[{"name":"wp","href":"https:\/\/api.w.org\/{rel}","templated":true}]}}