{"id":614,"date":"2021-09-22T12:54:17","date_gmt":"2021-09-22T15:54:17","guid":{"rendered":"https:\/\/www.diariomunicipal-al.com.br\/uniao\/?p=614"},"modified":"2021-09-22T12:54:17","modified_gmt":"2021-09-22T15:54:17","slug":"julgamento-concorrencia-publica-01-2021","status":"publish","type":"post","link":"https:\/\/www.diariomunicipal-al.com.br\/uniao\/julgamento-concorrencia-publica-01-2021\/","title":{"rendered":"JULGAMENTO &#8211; CONCORR\u00caNCIA P\u00daBLICA 01-2021"},"content":{"rendered":"\n<p class=\"has-text-align-center\">ESTADO DE ALAGOAS<\/p>\n\n\n\n<p class=\"has-text-align-center\">PREFEITURA MUNICIPAL DE UNI\u00c3O DOS PALMARES<\/p>\n\n\n\n<p class=\"has-text-align-center\">JULGAMENTO \u2013 CONCORR\u00caNCIA P\u00daBLICA 01\/2021<\/p>\n\n\n\n<p>Ap\u00f3s a an\u00e1lise t\u00e9cnica, restou o seguinte julgamento:<\/p>\n\n\n\n<p>1. A empresa KV Constru\u00e7\u00f5es e Empreendimentos Eireli apresentou quantidades m\u00ednimas necess\u00e1rias para qualifica\u00e7\u00e3o t\u00e9cnica.<\/p>\n\n\n\n<p>2. A empresa Construtora Terra Nordeste Eireli n\u00e3o apresentou atestados t\u00e9cnicos compat\u00edveis com os itens de relev\u00e2ncia informados no edital, com Bse no art. 30 da Lei 8.666\/93.<\/p>\n\n\n\n<p>3. Com base no parecer exarado pelo Setor de Engenharia, acima sucintamente resumido, a Comiss\u00e3o julgou, por unanimidade:<\/p>\n\n\n\n<p>a) a empresa Construtora Terra Nordeste Eireli como INABILITADA, por descumprimento aos itens 5.1 c\/c 8.2 e itens 8.3.26, 8.3.27, 8.3.28 e 8.3.29 do edital;<\/p>\n\n\n\n<p>b) a empresa KV Constru\u00e7\u00f5es e Empreendimentos Eireli como HABILITADA.<\/p>\n\n\n\n<p>3. Fica aberto o prazo de 05 (cinco) dias \u00fateis, a partir da publica\u00e7\u00e3o do extrato desse julgamento, para manifesta\u00e7\u00e3o de recursos, com base no art. 109 da Lei n\u00b0 8.666\/93. E desde j\u00e1 fica agendada reabertura do certame para o dia 01\/10\/2021, \u00e0s 10h00min, no endere\u00e7o constante do instrumento convocat\u00f3rio, com a finalidade de julgar os crit\u00e9rios de sele\u00e7\u00e3o, bem como a resolu\u00e7\u00e3o dos casos de empate, conforme resolu\u00e7\u00e3o retro.<\/p>\n\n\n\n<p class=\"has-text-align-center\">Amanda Santos de Oliveira<\/p>\n\n\n\n<p class=\"has-text-align-center\">Presidente da CPL<\/p>\n","protected":false},"excerpt":{"rendered":"<p>ESTADO DE ALAGOAS PREFEITURA MUNICIPAL DE UNI\u00c3O DOS PALMARES JULGAMENTO \u2013 CONCORR\u00caNCIA P\u00daBLICA 01\/2021 Ap\u00f3s a an\u00e1lise t\u00e9cnica, restou o seguinte julgamento: 1. A empresa KV Constru\u00e7\u00f5es e Empreendimentos Eireli apresentou quantidades m\u00ednimas necess\u00e1rias para qualifica\u00e7\u00e3o t\u00e9cnica. 2. A empresa Construtora Terra Nordeste Eireli n\u00e3o apresentou atestados t\u00e9cnicos compat\u00edveis com os itens de relev\u00e2ncia informados [&hellip;]<\/p>\n","protected":false},"author":5,"featured_media":0,"comment_status":"open","ping_status":"open","sticky":false,"template":"","format":"standard","meta":{"footnotes":""},"categories":[1],"tags":[],"class_list":["post-614","post","type-post","status-publish","format-standard","hentry","category-licitacoes"],"_links":{"self":[{"href":"https:\/\/www.diariomunicipal-al.com.br\/uniao\/wp-json\/wp\/v2\/posts\/614","targetHints":{"allow":["GET"]}}],"collection":[{"href":"https:\/\/www.diariomunicipal-al.com.br\/uniao\/wp-json\/wp\/v2\/posts"}],"about":[{"href":"https:\/\/www.diariomunicipal-al.com.br\/uniao\/wp-json\/wp\/v2\/types\/post"}],"author":[{"embeddable":true,"href":"https:\/\/www.diariomunicipal-al.com.br\/uniao\/wp-json\/wp\/v2\/users\/5"}],"replies":[{"embeddable":true,"href":"https:\/\/www.diariomunicipal-al.com.br\/uniao\/wp-json\/wp\/v2\/comments?post=614"}],"version-history":[{"count":1,"href":"https:\/\/www.diariomunicipal-al.com.br\/uniao\/wp-json\/wp\/v2\/posts\/614\/revisions"}],"predecessor-version":[{"id":615,"href":"https:\/\/www.diariomunicipal-al.com.br\/uniao\/wp-json\/wp\/v2\/posts\/614\/revisions\/615"}],"wp:attachment":[{"href":"https:\/\/www.diariomunicipal-al.com.br\/uniao\/wp-json\/wp\/v2\/media?parent=614"}],"wp:term":[{"taxonomy":"category","embeddable":true,"href":"https:\/\/www.diariomunicipal-al.com.br\/uniao\/wp-json\/wp\/v2\/categories?post=614"},{"taxonomy":"post_tag","embeddable":true,"href":"https:\/\/www.diariomunicipal-al.com.br\/uniao\/wp-json\/wp\/v2\/tags?post=614"}],"curies":[{"name":"wp","href":"https:\/\/api.w.org\/{rel}","templated":true}]}}