{"id":616,"date":"2021-09-22T10:44:00","date_gmt":"2021-09-22T13:44:00","guid":{"rendered":"https:\/\/www.diariomunicipal-al.com.br\/uniao\/?p=616"},"modified":"2021-09-27T10:46:45","modified_gmt":"2021-09-27T13:46:45","slug":"4-aviso-chamamento-publico-subcomissao-tecnica","status":"publish","type":"post","link":"https:\/\/www.diariomunicipal-al.com.br\/uniao\/4-aviso-chamamento-publico-subcomissao-tecnica\/","title":{"rendered":"4. AVISO &#8211; CHAMAMENTO P\u00daBLICO &#8211; SUBCOMISS\u00c3O T\u00c9CNICA"},"content":{"rendered":"\n<p class=\"has-text-align-center\">Estado de alagoas<\/p>\n\n\n\n<p class=\"has-text-align-center\">Prefeitura Municipal de Uni\u00e3o dos Palmares<\/p>\n\n\n\n<p class=\"has-text-align-center\">AVISO DE CHAMAMENTO P\u00daBLICO N\u00b0 01\/2021<\/p>\n\n\n\n<p>Objeto: Credenciamento de profissionais formados em comunica\u00e7\u00e3o, publicidade, marketing ou atua\u00e7\u00e3o em algumas dessas \u00e1reas, com o intuito de constituir Subcomiss\u00e3o T\u00e9cnica, nos termos do \u00a7 1\u00ba, do art. 10, da Lei n\u00ba 12.232, de 29 de abril de 2010, para an\u00e1lise e julgamento das Propostas T\u00e9cnicas de Concorr\u00eancia P\u00fablica, que trata da contrata\u00e7\u00e3o de ag\u00eancia de propaganda para a presta\u00e7\u00e3o de servi\u00e7os de publicidade e demais meios de divulga\u00e7\u00e3o, objetivando atender a Prefeitura Municipal de Uni\u00e3o dos Palmares\/AL.<\/p>\n\n\n\n<p>Per\u00edodo de Inscri\u00e7\u00e3o: 23\/09\/2021 a 30\/09\/2021, das 08h00min \u00e0s 12h00min.<\/p>\n\n\n\n<p>Local de inscri\u00e7\u00e3o: Secretaria de Comunica\u00e7\u00e3o, situada \u00e0 Av. Dr. Ant\u00f4nio Gomes de Barros, s\/n, Centro, Uni\u00e3o dos Palmares\/AL, ou recebimento dos documentos via protocolo, no mesmo endere\u00e7o, ou ainda atrav\u00e9s do e-mail secomuniao@gmail.com, endere\u00e7os onde tamb\u00e9m podem ser retirados os editais e retiradas quaisquer d\u00favidas.<\/p>\n\n\n\n<p>Uni\u00e3o dos Palmares\/AL, 23 de setembro de 2021.<\/p>\n\n\n\n<p class=\"has-text-align-center\">Leonardo Bastos Pereira<\/p>\n\n\n\n<p class=\"has-text-align-center\">Secret\u00e1rio Municipal de Comunica\u00e7\u00e3o<\/p>\n","protected":false},"excerpt":{"rendered":"<p>Estado de alagoas Prefeitura Municipal de Uni\u00e3o dos Palmares AVISO DE CHAMAMENTO P\u00daBLICO N\u00b0 01\/2021 Objeto: Credenciamento de profissionais formados em comunica\u00e7\u00e3o, publicidade, marketing ou atua\u00e7\u00e3o em algumas dessas \u00e1reas, com o intuito de constituir Subcomiss\u00e3o T\u00e9cnica, nos termos do \u00a7 1\u00ba, do art. 10, da Lei n\u00ba 12.232, de 29 de abril de 2010, [&hellip;]<\/p>\n","protected":false},"author":2,"featured_media":0,"comment_status":"open","ping_status":"open","sticky":false,"template":"","format":"standard","meta":{"footnotes":""},"categories":[1],"tags":[],"class_list":["post-616","post","type-post","status-publish","format-standard","hentry","category-licitacoes"],"_links":{"self":[{"href":"https:\/\/www.diariomunicipal-al.com.br\/uniao\/wp-json\/wp\/v2\/posts\/616","targetHints":{"allow":["GET"]}}],"collection":[{"href":"https:\/\/www.diariomunicipal-al.com.br\/uniao\/wp-json\/wp\/v2\/posts"}],"about":[{"href":"https:\/\/www.diariomunicipal-al.com.br\/uniao\/wp-json\/wp\/v2\/types\/post"}],"author":[{"embeddable":true,"href":"https:\/\/www.diariomunicipal-al.com.br\/uniao\/wp-json\/wp\/v2\/users\/2"}],"replies":[{"embeddable":true,"href":"https:\/\/www.diariomunicipal-al.com.br\/uniao\/wp-json\/wp\/v2\/comments?post=616"}],"version-history":[{"count":1,"href":"https:\/\/www.diariomunicipal-al.com.br\/uniao\/wp-json\/wp\/v2\/posts\/616\/revisions"}],"predecessor-version":[{"id":617,"href":"https:\/\/www.diariomunicipal-al.com.br\/uniao\/wp-json\/wp\/v2\/posts\/616\/revisions\/617"}],"wp:attachment":[{"href":"https:\/\/www.diariomunicipal-al.com.br\/uniao\/wp-json\/wp\/v2\/media?parent=616"}],"wp:term":[{"taxonomy":"category","embeddable":true,"href":"https:\/\/www.diariomunicipal-al.com.br\/uniao\/wp-json\/wp\/v2\/categories?post=616"},{"taxonomy":"post_tag","embeddable":true,"href":"https:\/\/www.diariomunicipal-al.com.br\/uniao\/wp-json\/wp\/v2\/tags?post=616"}],"curies":[{"name":"wp","href":"https:\/\/api.w.org\/{rel}","templated":true}]}}