{"id":656,"date":"2021-12-09T09:11:28","date_gmt":"2021-12-09T11:11:28","guid":{"rendered":"https:\/\/www.diariomunicipal-al.com.br\/uniao\/?p=656"},"modified":"2021-12-22T09:12:14","modified_gmt":"2021-12-22T11:12:14","slug":"extrato-de-contrato-tp-02-2021","status":"publish","type":"post","link":"https:\/\/www.diariomunicipal-al.com.br\/uniao\/extrato-de-contrato-tp-02-2021\/","title":{"rendered":"EXTRATO DE CONTRATO &#8211; TP 02-2021"},"content":{"rendered":"\n<h1 class=\"has-text-align-center wp-block-heading\">ESTADO DE ALAGOAS<\/h1>\n\n\n\n<h1 class=\"has-text-align-center wp-block-heading\">PREFEITURA MUNICIPAL DE UNI\u00c3O DOS PALMARES<\/h1>\n\n\n\n<h3 class=\"has-text-align-center wp-block-heading\">HOMOLOGA\u00c7\u00c3O \u2013 TOMADA DE PRE\u00c7OS N\u00b0 02\/2021<\/h3>\n\n\n\n<p>O Prefeito do Munic\u00edpio de Uni\u00e3o dos Palmares, no uso de suas atribui\u00e7\u00f5es e em conformidade com a Lei n\u00ba 8.666, de 21 de junho de 1993 e suas altera\u00e7\u00f5es, e n\u00ba 10.520\/2002, HOMOLOGA o processo licitat\u00f3rio na modalidade de Tomada de Pre\u00e7os n\u00ba 02\/2021 para OBRAS REMANESCENTES DE CONSTRU\u00c7\u00c3O DE QUADRAS E PRA\u00c7A, nos valores a seguir:<\/p>\n\n\n\n<p>a)&nbsp;&nbsp;&nbsp;&nbsp;&nbsp;&nbsp;&nbsp;&nbsp;&nbsp;&nbsp;&nbsp; LOTE 1 \u2013 QUADRA COBERTA COM VESTI\u00c1RIO PADR\u00c3O FNDE NO POVOADO SANTA F\u00c9 \u2013 TERMO DE COMPROMISSO PAC 2 10147\/2014 \u2013 ID 1016602 \u2013 R$ 497.251,24 (quatrocentos e noventa e sete mil, duzentos e cinquenta e um reais e vinte e quatro centavos);<\/p>\n\n\n\n<p>b)&nbsp;&nbsp;&nbsp;&nbsp;&nbsp;&nbsp;&nbsp;&nbsp;&nbsp;&nbsp;&nbsp; LOTE 2 \u2013 QUADRA COBERTA COM VESTI\u00c1RIO PADR\u00c3O FNDE NO POVOADO NOVA ESPERAN\u00c7A \u2013 TERMO DE COMPROMISSO PAC 2 11018\/2014 \u2013 ID 1017258 \u2013 R$ 492.190,57 (quatrocentos e noventa e dois mil, cento e noventa reais e cinquenta e sete centavos);<\/p>\n\n\n\n<p>c) &nbsp;&nbsp;&nbsp;&nbsp;&nbsp;&nbsp;&nbsp;&nbsp;&nbsp;&nbsp; LOTE 3 \u2013PRA\u00c7A NO CONJUNTO NEWTON PEREIRA \u2013 CONTRATO DE REPASSE N\u00b0 1048143-46\/2017 \u2013 R$ 247.286,98 (duzentos e quarenta e sete mil, duzentos e oitenta e seis reais e noventa e oito centavos).<\/p>\n\n\n\n<p class=\"has-text-align-center\">EXTRATO DO CONTRATOS N\u00b0 02.1\/2021 \u2013 TP<\/p>\n\n\n\n<p>CONTRATANTE: Munic\u00edpio de Uni\u00e3o dos Palmares, CNPJ: 12.332.946\/0001-34. CONTRATADA: CLAYSONN THIAGO PEIXOTO DE MELO EIRELI, CNPJ: 12.070.635\/0001-44. Objeto: CONSTRU\u00c7\u00c3O DE QUADRA COBERTA COM VESTI\u00c1RIO PADR\u00c3O FNDE NO POVOADO SANTA F\u00c9 \u2013 TERMO DE COMPROMISSO PAC 2 10147\/2014 \u2013 ID 1016602. Valor: R$ 497.251,24 (quatrocentos e noventa e sete mil, duzentos e cinquenta e um reais e vinte e quatro centavos). Data de Assinatura: 20\/09\/2021.Vig\u00eancia: 180 (cento e oitenta) dias.<\/p>\n\n\n\n<p class=\"has-text-align-center\">EXTRATO DO CONTRATOS N\u00b0 02.2\/2021 \u2013 TP<\/p>\n\n\n\n<p>CONTRATANTE: Munic\u00edpio de Uni\u00e3o dos Palmares, CNPJ: 12.332.946\/0001-34. CONTRATADA: CLAYSONN THIAGO PEIXOTO DE MELO EIRELI, CNPJ: 12.070.635\/0001-44. Objeto: CONSTRU\u00c7\u00c3O DE QUADRA COBERTA COM VESTI\u00c1RIO PADR\u00c3O FNDE NO POVOADO NOVA ESPERAN\u00c7A \u2013 TERMO DE COMPROMISSO PAC 2 11018\/2014 \u2013 ID 1017258. Valor: R$ 492.190,57 (quatrocentos e noventa e dois mil, cento e noventa reais e cinquenta e sete centavos). Data de Assinatura: 20\/09\/2021.Vig\u00eancia: 180 (cento e oitenta) dias.<\/p>\n\n\n\n<p class=\"has-text-align-center\">EXTRATO DO CONTRATOS N\u00b0 02.3\/2021 \u2013 TP<\/p>\n\n\n\n<p>CONTRATANTE: Munic\u00edpio de Uni\u00e3o dos Palmares, CNPJ: 12.332.946\/0001-34. CONTRATADA: CLAYSONN THIAGO PEIXOTO DE MELO EIRELI, CNPJ: 12.070.635\/0001-44. Objeto: CONSTRU\u00c7\u00c3O DE PRA\u00c7A NO CONJUNTO NEWTON PEREIRA \u2013 CONTRATO DE REPASSE N\u00b0 1048143-46\/2017. Valor: R$ 247.286,98 (duzentos e quarenta e sete mil, duzentos e oitenta e seis reais e noventa e oito centavos). Data de Assinatura: 20\/09\/2021.Vig\u00eancia: 120 (cento e vinte) dias.<\/p>\n\n\n\n<p class=\"has-text-align-center\">Aresk\u00ed D\u00e2mara de Omena Freitas Junior<\/p>\n\n\n\n<p class=\"has-text-align-center\">Prefeito<\/p>\n","protected":false},"excerpt":{"rendered":"<p>ESTADO DE ALAGOAS PREFEITURA MUNICIPAL DE UNI\u00c3O DOS PALMARES HOMOLOGA\u00c7\u00c3O \u2013 TOMADA DE PRE\u00c7OS N\u00b0 02\/2021 O Prefeito do Munic\u00edpio de Uni\u00e3o dos Palmares, no uso de suas atribui\u00e7\u00f5es e em conformidade com a Lei n\u00ba 8.666, de 21 de junho de 1993 e suas altera\u00e7\u00f5es, e n\u00ba 10.520\/2002, HOMOLOGA o processo licitat\u00f3rio na modalidade [&hellip;]<\/p>\n","protected":false},"author":5,"featured_media":0,"comment_status":"open","ping_status":"open","sticky":false,"template":"","format":"standard","meta":{"footnotes":""},"categories":[1],"tags":[],"class_list":["post-656","post","type-post","status-publish","format-standard","hentry","category-licitacoes"],"_links":{"self":[{"href":"https:\/\/www.diariomunicipal-al.com.br\/uniao\/wp-json\/wp\/v2\/posts\/656","targetHints":{"allow":["GET"]}}],"collection":[{"href":"https:\/\/www.diariomunicipal-al.com.br\/uniao\/wp-json\/wp\/v2\/posts"}],"about":[{"href":"https:\/\/www.diariomunicipal-al.com.br\/uniao\/wp-json\/wp\/v2\/types\/post"}],"author":[{"embeddable":true,"href":"https:\/\/www.diariomunicipal-al.com.br\/uniao\/wp-json\/wp\/v2\/users\/5"}],"replies":[{"embeddable":true,"href":"https:\/\/www.diariomunicipal-al.com.br\/uniao\/wp-json\/wp\/v2\/comments?post=656"}],"version-history":[{"count":1,"href":"https:\/\/www.diariomunicipal-al.com.br\/uniao\/wp-json\/wp\/v2\/posts\/656\/revisions"}],"predecessor-version":[{"id":657,"href":"https:\/\/www.diariomunicipal-al.com.br\/uniao\/wp-json\/wp\/v2\/posts\/656\/revisions\/657"}],"wp:attachment":[{"href":"https:\/\/www.diariomunicipal-al.com.br\/uniao\/wp-json\/wp\/v2\/media?parent=656"}],"wp:term":[{"taxonomy":"category","embeddable":true,"href":"https:\/\/www.diariomunicipal-al.com.br\/uniao\/wp-json\/wp\/v2\/categories?post=656"},{"taxonomy":"post_tag","embeddable":true,"href":"https:\/\/www.diariomunicipal-al.com.br\/uniao\/wp-json\/wp\/v2\/tags?post=656"}],"curies":[{"name":"wp","href":"https:\/\/api.w.org\/{rel}","templated":true}]}}