{"id":6784,"date":"2026-06-17T09:47:49","date_gmt":"2026-06-17T12:47:49","guid":{"rendered":"https:\/\/www.diariomunicipal-al.com.br\/uniao\/?p=6784"},"modified":"2026-08-27T10:18:21","modified_gmt":"2026-08-27T13:18:21","slug":"resolucao-no-001-2026-comed-up","status":"publish","type":"post","link":"https:\/\/www.diariomunicipal-al.com.br\/uniao\/resolucao-no-001-2026-comed-up\/","title":{"rendered":"RESOLU\u00c7\u00c3O N\u00ba 001\/2026 &#8211; COMED\/UP."},"content":{"rendered":"\n<p class=\"wp-block-paragraph\">O CONSELHO MUNICIPAL DE EDUCA\u00c7\u00c3O &#8211; COMED DE UNI\u00c3O DOS PALMARES, no uso de suas atribui\u00e7\u00f5es que lhe confere o art. 79, \u00a7 10 e \u00a7 11, da Lei Org\u00e2nica Municipal, a Lei Municipal n\u00ba 1.500, de 10 de abril de 2023, e o seu Regimento Interno, torna p\u00fablica, para conhecimento e observ\u00e2ncia no \u00e2mbito do Sistema Municipal de Ensino de Uni\u00e3o dos Palmares, a RESOLU\u00c7\u00c3O N\u00ba 001, de 17 de junho de 2026, que institui e orienta a implementa\u00e7\u00e3o da Computa\u00e7\u00e3o na Educa\u00e7\u00e3o B\u00e1sica como complemente \u00e0 Base Nacional Comum Curricular &#8211; BNCC.<\/p>\n\n\n\n<p class=\"wp-block-paragraph\">Torna p\u00fablico, ainda, o PARECER N\u00ba 04\/2026, que trata da aprova\u00e7\u00e3o da implementa\u00e7\u00e3o da BNCC Computa\u00e7\u00e3o na Rede Municipal de Ensino de Uni\u00e3o dos Palmares, bem como o Referencial Curricular &#8211; BNCC Computa\u00e7\u00e3o, destinado a orientar a implementa\u00e7\u00e3o curricular da Computa\u00e7\u00e3o na Educa\u00e7\u00e3o Infantil e no Ensino Fundamental da Rede Municipal de Ensino.<\/p>\n\n\n\n<p class=\"wp-block-paragraph\">Os documentos mencionados s\u00e3o publicados na \u00edntegra, na sequ\u00eancia desta publica\u00e7\u00e3o, para que produzam os efeitos legais, administrativos e pedag\u00f3gicos pertinentes.<\/p>\n\n\n\n<p class=\"wp-block-paragraph\">A Resolu\u00e7\u00e3o n\u00ba 001\/2026 entra em vigor na data de sua publica\u00e7\u00e3o, nos termos de seu art. 13.<\/p>\n\n\n\n<p class=\"wp-block-paragraph\"><\/p>\n\n\n\n<p class=\"wp-block-paragraph\">Uni\u00e3o dos Palmares\/AL, 17 de junho de 2026.<\/p>\n\n\n\n<p class=\"wp-block-paragraph\"><\/p>\n\n\n\n<p class=\"wp-block-paragraph\">ANA CL\u00c1UDIA MIRANDA DE SOUZA ALMEIDA<\/p>\n\n\n\n<p class=\"wp-block-paragraph\">Presidente do Conselho Municipal de Educa\u00e7\u00e3o &#8211; COMED\/UP<\/p>\n\n\n\n<div data-wp-interactive=\"core\/file\" class=\"wp-block-file\"><object data-wp-bind--hidden=\"!state.hasPdfPreview\" hidden class=\"wp-block-file__embed\" data=\"https:\/\/www.diariomunicipal-al.com.br\/uniao\/wp-content\/uploads\/2026\/08\/Resolucao-n\u00b00012026_BNCC-COMPUTACIONAL-.pdf\" type=\"application\/pdf\" style=\"width:100%;height:600px\" aria-label=\"Incorporado de Resolu\u00e7\u00e3o n\u00b00012026_BNCC COMPUTACIONAL.\"><\/object><a id=\"wp-block-file--media-c944ce5d-8acb-408d-a895-8857f0c0610a\" href=\"https:\/\/www.diariomunicipal-al.com.br\/uniao\/wp-content\/uploads\/2026\/08\/Resolucao-n\u00b00012026_BNCC-COMPUTACIONAL-.pdf\">Resolu\u00e7\u00e3o n\u00b00012026_BNCC COMPUTACIONAL<\/a><a href=\"https:\/\/www.diariomunicipal-al.com.br\/uniao\/wp-content\/uploads\/2026\/08\/Resolucao-n\u00b00012026_BNCC-COMPUTACIONAL-.pdf\" class=\"wp-block-file__button wp-element-button\" download aria-describedby=\"wp-block-file--media-c944ce5d-8acb-408d-a895-8857f0c0610a\">Baixar<\/a><\/div>\n\n\n\n<div data-wp-interactive=\"core\/file\" class=\"wp-block-file\"><object data-wp-bind--hidden=\"!state.hasPdfPreview\" hidden class=\"wp-block-file__embed\" data=\"https:\/\/www.diariomunicipal-al.com.br\/uniao\/wp-content\/uploads\/2026\/08\/Parecer-CME-no-04-2026.pdf\" type=\"application\/pdf\" style=\"width:100%;height:600px\" aria-label=\"Incorporado de Parecer CME n\u00ba 04-2026.\"><\/object><a id=\"wp-block-file--media-18d684ae-da69-4a52-84f6-8a8b420334a1\" href=\"https:\/\/www.diariomunicipal-al.com.br\/uniao\/wp-content\/uploads\/2026\/08\/Parecer-CME-no-04-2026.pdf\">Parecer CME n\u00ba 04-2026<\/a><a href=\"https:\/\/www.diariomunicipal-al.com.br\/uniao\/wp-content\/uploads\/2026\/08\/Parecer-CME-no-04-2026.pdf\" class=\"wp-block-file__button wp-element-button\" download aria-describedby=\"wp-block-file--media-18d684ae-da69-4a52-84f6-8a8b420334a1\">Baixar<\/a><\/div>\n\n\n\n<div data-wp-interactive=\"core\/file\" class=\"wp-block-file\"><object data-wp-bind--hidden=\"!state.hasPdfPreview\" hidden class=\"wp-block-file__embed\" data=\"https:\/\/www.diariomunicipal-al.com.br\/uniao\/wp-content\/uploads\/2026\/08\/REFERENCIAL-CURRICULAR-BNCC-COMPUTACAO.pdf\" type=\"application\/pdf\" style=\"width:100%;height:600px\" aria-label=\"Incorporado de REFERENCIAL CURRICULAR - BNCC COMPUTA\u00c7\u00c3O.\"><\/object><a id=\"wp-block-file--media-e4d88885-ec7d-46f5-8e20-c695d487a054\" href=\"https:\/\/www.diariomunicipal-al.com.br\/uniao\/wp-content\/uploads\/2026\/08\/REFERENCIAL-CURRICULAR-BNCC-COMPUTACAO.pdf\">REFERENCIAL CURRICULAR &#8211; BNCC COMPUTA\u00c7\u00c3O<\/a><a href=\"https:\/\/www.diariomunicipal-al.com.br\/uniao\/wp-content\/uploads\/2026\/08\/REFERENCIAL-CURRICULAR-BNCC-COMPUTACAO.pdf\" class=\"wp-block-file__button wp-element-button\" download aria-describedby=\"wp-block-file--media-e4d88885-ec7d-46f5-8e20-c695d487a054\">Baixar<\/a><\/div>\n","protected":false},"excerpt":{"rendered":"<p>O CONSELHO MUNICIPAL DE EDUCA\u00c7\u00c3O &#8211; COMED DE UNI\u00c3O DOS PALMARES, no uso de suas atribui\u00e7\u00f5es que lhe confere o art. 79, \u00a7 10 e \u00a7 11, da Lei Org\u00e2nica Municipal, a Lei Municipal n\u00ba 1.500, de 10 de abril de 2023, e o seu Regimento Interno, torna p\u00fablica, para conhecimento e observ\u00e2ncia no \u00e2mbito [&hellip;]<\/p>\n","protected":false},"author":2,"featured_media":0,"comment_status":"open","ping_status":"open","sticky":false,"template":"","format":"standard","meta":{"footnotes":""},"categories":[5],"tags":[],"class_list":["post-6784","post","type-post","status-publish","format-standard","hentry","category-outros"],"_links":{"self":[{"href":"https:\/\/www.diariomunicipal-al.com.br\/uniao\/wp-json\/wp\/v2\/posts\/6784","targetHints":{"allow":["GET"]}}],"collection":[{"href":"https:\/\/www.diariomunicipal-al.com.br\/uniao\/wp-json\/wp\/v2\/posts"}],"about":[{"href":"https:\/\/www.diariomunicipal-al.com.br\/uniao\/wp-json\/wp\/v2\/types\/post"}],"author":[{"embeddable":true,"href":"https:\/\/www.diariomunicipal-al.com.br\/uniao\/wp-json\/wp\/v2\/users\/2"}],"replies":[{"embeddable":true,"href":"https:\/\/www.diariomunicipal-al.com.br\/uniao\/wp-json\/wp\/v2\/comments?post=6784"}],"version-history":[{"count":1,"href":"https:\/\/www.diariomunicipal-al.com.br\/uniao\/wp-json\/wp\/v2\/posts\/6784\/revisions"}],"predecessor-version":[{"id":6789,"href":"https:\/\/www.diariomunicipal-al.com.br\/uniao\/wp-json\/wp\/v2\/posts\/6784\/revisions\/6789"}],"wp:attachment":[{"href":"https:\/\/www.diariomunicipal-al.com.br\/uniao\/wp-json\/wp\/v2\/media?parent=6784"}],"wp:term":[{"taxonomy":"category","embeddable":true,"href":"https:\/\/www.diariomunicipal-al.com.br\/uniao\/wp-json\/wp\/v2\/categories?post=6784"},{"taxonomy":"post_tag","embeddable":true,"href":"https:\/\/www.diariomunicipal-al.com.br\/uniao\/wp-json\/wp\/v2\/tags?post=6784"}],"curies":[{"name":"wp","href":"https:\/\/api.w.org\/{rel}","templated":true}]}}