{"id":6833,"date":"2026-08-27T16:00:45","date_gmt":"2026-08-27T19:00:45","guid":{"rendered":"https:\/\/www.diariomunicipal-al.com.br\/uniao\/?p=6833"},"modified":"2026-08-31T16:03:56","modified_gmt":"2026-08-31T19:03:56","slug":"aviso-de-cotacao-de-precos-no-001-2026","status":"publish","type":"post","link":"https:\/\/www.diariomunicipal-al.com.br\/uniao\/aviso-de-cotacao-de-precos-no-001-2026\/","title":{"rendered":"AVISO DE COTA\u00c7\u00c3O DE PRE\u00c7OS N\u00ba 001\/2026"},"content":{"rendered":"\n<p class=\"has-text-align-center wp-block-paragraph\">AVISO DE COTA\u00c7\u00c3O DE PRE\u00c7OS N\u00ba 001\/2026<br>PESQUISA DE PRE\u00c7OS PARA INSTRU\u00c7\u00c3O DE CONTRATA\u00c7\u00c3O DIRETA<br>Processo Administrativo n\u00ba 1003082700312026<\/p>\n\n\n\n<p class=\"wp-block-paragraph\">O MUNIC\u00cdPIO DE UNI\u00c3O DOS PALMARES\/AL, por interm\u00e9dio da Secretaria Municipal de Assist\u00eancia Social &#8211; SEMAS \/ Setor de Compras, torna p\u00fablico que se encontra em fase de pesquisa de pre\u00e7os, nos termos do art. 23, caput e \u00a7 1\u00ba, inciso IV, da Lei n\u00ba 14.133\/2021, com o objetivo de aferir o valor estimado da contrata\u00e7\u00e3o e instruir o processo administrativo em ep\u00edgrafe, cujo objeto \u00e9 a aquisi\u00e7\u00e3o de Material Permanente &#8211; Computadores, conforme especifica\u00e7\u00f5es, unidades e quantitativos constantes do quadro que est\u00e1 disposto no item 1 desse aviso, convidando os interessados a apresentarem or\u00e7amento, na forma e nos prazos aqui estabelecidos.<\/p>\n\n\n\n<div data-wp-interactive=\"core\/file\" class=\"wp-block-file\"><object data-wp-bind--hidden=\"!state.hasPdfPreview\" hidden class=\"wp-block-file__embed\" data=\"https:\/\/www.diariomunicipal-al.com.br\/uniao\/wp-content\/uploads\/2026\/08\/Aviso-de-Cotacao-de-Precos.pdf\" type=\"application\/pdf\" style=\"width:100%;height:600px\" aria-label=\"Incorporado de Aviso de Cotacao de Precos.\"><\/object><a id=\"wp-block-file--media-1f05ee85-ab9d-4e01-b60e-8da34a68f979\" href=\"https:\/\/www.diariomunicipal-al.com.br\/uniao\/wp-content\/uploads\/2026\/08\/Aviso-de-Cotacao-de-Precos.pdf\">Aviso de Cotacao de Precos<\/a><a href=\"https:\/\/www.diariomunicipal-al.com.br\/uniao\/wp-content\/uploads\/2026\/08\/Aviso-de-Cotacao-de-Precos.pdf\" class=\"wp-block-file__button wp-element-button\" download aria-describedby=\"wp-block-file--media-1f05ee85-ab9d-4e01-b60e-8da34a68f979\">Baixar<\/a><\/div>\n","protected":false},"excerpt":{"rendered":"<p>AVISO DE COTA\u00c7\u00c3O DE PRE\u00c7OS N\u00ba 001\/2026PESQUISA DE PRE\u00c7OS PARA INSTRU\u00c7\u00c3O DE CONTRATA\u00c7\u00c3O DIRETAProcesso Administrativo n\u00ba 1003082700312026 O MUNIC\u00cdPIO DE UNI\u00c3O DOS PALMARES\/AL, por interm\u00e9dio da Secretaria Municipal de Assist\u00eancia Social &#8211; SEMAS \/ Setor de Compras, torna p\u00fablico que se encontra em fase de pesquisa de pre\u00e7os, nos termos do art. 23, caput e [&hellip;]<\/p>\n","protected":false},"author":4,"featured_media":0,"comment_status":"open","ping_status":"open","sticky":false,"template":"","format":"standard","meta":{"footnotes":""},"categories":[1],"tags":[],"class_list":["post-6833","post","type-post","status-publish","format-standard","hentry","category-licitacoes"],"_links":{"self":[{"href":"https:\/\/www.diariomunicipal-al.com.br\/uniao\/wp-json\/wp\/v2\/posts\/6833","targetHints":{"allow":["GET"]}}],"collection":[{"href":"https:\/\/www.diariomunicipal-al.com.br\/uniao\/wp-json\/wp\/v2\/posts"}],"about":[{"href":"https:\/\/www.diariomunicipal-al.com.br\/uniao\/wp-json\/wp\/v2\/types\/post"}],"author":[{"embeddable":true,"href":"https:\/\/www.diariomunicipal-al.com.br\/uniao\/wp-json\/wp\/v2\/users\/4"}],"replies":[{"embeddable":true,"href":"https:\/\/www.diariomunicipal-al.com.br\/uniao\/wp-json\/wp\/v2\/comments?post=6833"}],"version-history":[{"count":1,"href":"https:\/\/www.diariomunicipal-al.com.br\/uniao\/wp-json\/wp\/v2\/posts\/6833\/revisions"}],"predecessor-version":[{"id":6835,"href":"https:\/\/www.diariomunicipal-al.com.br\/uniao\/wp-json\/wp\/v2\/posts\/6833\/revisions\/6835"}],"wp:attachment":[{"href":"https:\/\/www.diariomunicipal-al.com.br\/uniao\/wp-json\/wp\/v2\/media?parent=6833"}],"wp:term":[{"taxonomy":"category","embeddable":true,"href":"https:\/\/www.diariomunicipal-al.com.br\/uniao\/wp-json\/wp\/v2\/categories?post=6833"},{"taxonomy":"post_tag","embeddable":true,"href":"https:\/\/www.diariomunicipal-al.com.br\/uniao\/wp-json\/wp\/v2\/tags?post=6833"}],"curies":[{"name":"wp","href":"https:\/\/api.w.org\/{rel}","templated":true}]}}