{"id":6839,"date":"2026-09-02T17:12:57","date_gmt":"2026-09-02T20:12:57","guid":{"rendered":"https:\/\/www.diariomunicipal-al.com.br\/uniao\/?p=6839"},"modified":"2026-09-02T17:12:57","modified_gmt":"2026-09-02T20:12:57","slug":"lei-municipal-no-1-697-de-2-de-setembro-de-2026","status":"publish","type":"post","link":"https:\/\/www.diariomunicipal-al.com.br\/uniao\/lei-municipal-no-1-697-de-2-de-setembro-de-2026\/","title":{"rendered":"LEI MUNICIPAL N\u00ba 1.697, DE 2 DE SETEMBRO DE 2026."},"content":{"rendered":"\n<p class=\"wp-block-paragraph\">DENOMINA DE CRAS JAILTON CAVALCANTE DA SILVA O CENTRO DE REFER\u00caNCIA DE ASSIST\u00caNCIA SOCIAL LOCALIZADO NA RUA BOA ESPERAN\u00c7A, BAIRRO SAGRADA FAM\u00cdLIA, NESTA CIDADE.<\/p>\n\n\n\n<p class=\"wp-block-paragraph\"><\/p>\n\n\n\n<p class=\"wp-block-paragraph\"><strong>O<\/strong> <strong>PREFEITO DE UNI\u00c3O DOS PALMARES, ALAGOAS,<\/strong> no uso das atribui\u00e7\u00f5es que lhe s\u00e3o conferidas por lei, faz saber que a C\u00e2mara Municipal aprovou e ele sanciona a seguinte lei:<\/p>\n\n\n\n<p class=\"wp-block-paragraph\"><\/p>\n\n\n\n<p class=\"wp-block-paragraph\"><strong>Art. 1\u00ba<\/strong> Fica denominado de CENTRO DE REFER\u00caNCIA DE ASSIST\u00caNCIA SOCIAL &#8211; CRAS JAILTON CAVALCANTE DA SILVA o Centro de Refer\u00eancia de Assist\u00eancia Social &#8211; CRAS localizado na Rua Boa Esperan\u00e7a, s\/n, bairro Sagrada Fam\u00edlia, Uni\u00e3o dos Palmares, Alagoas.<\/p>\n\n\n\n<p class=\"wp-block-paragraph\"><strong>Art. 2\u00ba<\/strong> Esta lei entra em vigor na data de sua publica\u00e7\u00e3o.<\/p>\n\n\n\n<p class=\"wp-block-paragraph\"><strong>Art. 3\u00ba<\/strong> Revogam-se as disposi\u00e7\u00f5es em contr\u00e1rio.<\/p>\n\n\n\n<p class=\"wp-block-paragraph\"><\/p>\n\n\n\n<p class=\"wp-block-paragraph\">Uni\u00e3o dos Palmares, Alagoas, em 2 de setembro de 2026.<\/p>\n\n\n\n<p class=\"wp-block-paragraph\"><\/p>\n\n\n\n<p class=\"wp-block-paragraph\"><strong>JOS\u00c9 IRAN MENEZES DA SILVA JUNIOR<\/strong><\/p>\n\n\n\n<p class=\"wp-block-paragraph\">Prefeito<\/p>\n","protected":false},"excerpt":{"rendered":"<p>DENOMINA DE CRAS JAILTON CAVALCANTE DA SILVA O CENTRO DE REFER\u00caNCIA DE ASSIST\u00caNCIA SOCIAL LOCALIZADO NA RUA BOA ESPERAN\u00c7A, BAIRRO SAGRADA FAM\u00cdLIA, NESTA CIDADE. O PREFEITO DE UNI\u00c3O DOS PALMARES, ALAGOAS, no uso das atribui\u00e7\u00f5es que lhe s\u00e3o conferidas por lei, faz saber que a C\u00e2mara Municipal aprovou e ele sanciona a seguinte lei: Art. [&hellip;]<\/p>\n","protected":false},"author":2,"featured_media":0,"comment_status":"open","ping_status":"open","sticky":false,"template":"","format":"standard","meta":{"footnotes":""},"categories":[2],"tags":[],"class_list":["post-6839","post","type-post","status-publish","format-standard","hentry","category-leis"],"_links":{"self":[{"href":"https:\/\/www.diariomunicipal-al.com.br\/uniao\/wp-json\/wp\/v2\/posts\/6839","targetHints":{"allow":["GET"]}}],"collection":[{"href":"https:\/\/www.diariomunicipal-al.com.br\/uniao\/wp-json\/wp\/v2\/posts"}],"about":[{"href":"https:\/\/www.diariomunicipal-al.com.br\/uniao\/wp-json\/wp\/v2\/types\/post"}],"author":[{"embeddable":true,"href":"https:\/\/www.diariomunicipal-al.com.br\/uniao\/wp-json\/wp\/v2\/users\/2"}],"replies":[{"embeddable":true,"href":"https:\/\/www.diariomunicipal-al.com.br\/uniao\/wp-json\/wp\/v2\/comments?post=6839"}],"version-history":[{"count":1,"href":"https:\/\/www.diariomunicipal-al.com.br\/uniao\/wp-json\/wp\/v2\/posts\/6839\/revisions"}],"predecessor-version":[{"id":6840,"href":"https:\/\/www.diariomunicipal-al.com.br\/uniao\/wp-json\/wp\/v2\/posts\/6839\/revisions\/6840"}],"wp:attachment":[{"href":"https:\/\/www.diariomunicipal-al.com.br\/uniao\/wp-json\/wp\/v2\/media?parent=6839"}],"wp:term":[{"taxonomy":"category","embeddable":true,"href":"https:\/\/www.diariomunicipal-al.com.br\/uniao\/wp-json\/wp\/v2\/categories?post=6839"},{"taxonomy":"post_tag","embeddable":true,"href":"https:\/\/www.diariomunicipal-al.com.br\/uniao\/wp-json\/wp\/v2\/tags?post=6839"}],"curies":[{"name":"wp","href":"https:\/\/api.w.org\/{rel}","templated":true}]}}