{"id":6845,"date":"2026-08-26T08:12:11","date_gmt":"2026-08-26T11:12:11","guid":{"rendered":"https:\/\/www.diariomunicipal-al.com.br\/uniao\/?p=6845"},"modified":"2026-09-03T08:14:49","modified_gmt":"2026-09-03T11:14:49","slug":"portaria-no-055-de-25-de-agosto-de-2026","status":"publish","type":"post","link":"https:\/\/www.diariomunicipal-al.com.br\/uniao\/portaria-no-055-de-25-de-agosto-de-2026\/","title":{"rendered":"PORTARIA N\u00ba 055, DE 25 DE AGOSTO DE 2026."},"content":{"rendered":"\n<p class=\"wp-block-paragraph\">DISP\u00d5E SOBRE A EXONERA\u00c7\u00c3O DO CHEFE DE GABINETE DO PREFEITO.<\/p>\n\n\n\n<p class=\"wp-block-paragraph\"><\/p>\n\n\n\n<p class=\"wp-block-paragraph\"><strong>O PREFEITO DE UNI\u00c3O DOS PALMARES, ALAGOAS,<\/strong> no uso da atribui\u00e7\u00e3o que lhe confere o art. 49, I, da Lei Org\u00e2nica Municipal;<\/p>\n\n\n\n<p class=\"wp-block-paragraph\"><\/p>\n\n\n\n<p class=\"wp-block-paragraph\"><strong>RESOLVE:<\/strong><\/p>\n\n\n\n<p class=\"wp-block-paragraph\"><\/p>\n\n\n\n<p class=\"wp-block-paragraph\"><strong>Art. 1\u00ba<\/strong> Exonerar, a pedido, <strong>HERMES MARQUES COSTA<\/strong>, <strong><\/strong>CPF n\u00ba&nbsp; 009.893.374-48, do cargo de Chefe de Gabinete do Prefeito \u2013 CCI.<\/p>\n\n\n\n<p class=\"wp-block-paragraph\"><strong>Art. 2\u00ba<\/strong> Esta portaria entra em vigor na data de sua publica\u00e7\u00e3o.<\/p>\n\n\n\n<p class=\"wp-block-paragraph\"><strong>Art. 3\u00ba<\/strong> Revoga-se a Portaria n\u00ba 002\/2025 e demais disposi\u00e7\u00f5es em contr\u00e1rio.<\/p>\n\n\n\n<p class=\"wp-block-paragraph\"><\/p>\n\n\n\n<p class=\"wp-block-paragraph\">Uni\u00e3o dos Palmares, Alagoas, em 25 de agosto de 2026.<\/p>\n\n\n\n<p class=\"wp-block-paragraph\"><\/p>\n\n\n\n<p class=\"wp-block-paragraph\"><strong>JOS\u00c9 IRAN MENEZES DA SILVA JUNIOR<\/strong><\/p>\n\n\n\n<p class=\"wp-block-paragraph\">Prefeito<\/p>\n","protected":false},"excerpt":{"rendered":"<p>DISP\u00d5E SOBRE A EXONERA\u00c7\u00c3O DO CHEFE DE GABINETE DO PREFEITO. O PREFEITO DE UNI\u00c3O DOS PALMARES, ALAGOAS, no uso da atribui\u00e7\u00e3o que lhe confere o art. 49, I, da Lei Org\u00e2nica Municipal; RESOLVE: Art. 1\u00ba Exonerar, a pedido, HERMES MARQUES COSTA, CPF n\u00ba&nbsp; 009.893.374-48, do cargo de Chefe de Gabinete do Prefeito \u2013 CCI. Art. [&hellip;]<\/p>\n","protected":false},"author":2,"featured_media":0,"comment_status":"open","ping_status":"open","sticky":false,"template":"","format":"standard","meta":{"footnotes":""},"categories":[6],"tags":[],"class_list":["post-6845","post","type-post","status-publish","format-standard","hentry","category-portarias"],"_links":{"self":[{"href":"https:\/\/www.diariomunicipal-al.com.br\/uniao\/wp-json\/wp\/v2\/posts\/6845","targetHints":{"allow":["GET"]}}],"collection":[{"href":"https:\/\/www.diariomunicipal-al.com.br\/uniao\/wp-json\/wp\/v2\/posts"}],"about":[{"href":"https:\/\/www.diariomunicipal-al.com.br\/uniao\/wp-json\/wp\/v2\/types\/post"}],"author":[{"embeddable":true,"href":"https:\/\/www.diariomunicipal-al.com.br\/uniao\/wp-json\/wp\/v2\/users\/2"}],"replies":[{"embeddable":true,"href":"https:\/\/www.diariomunicipal-al.com.br\/uniao\/wp-json\/wp\/v2\/comments?post=6845"}],"version-history":[{"count":1,"href":"https:\/\/www.diariomunicipal-al.com.br\/uniao\/wp-json\/wp\/v2\/posts\/6845\/revisions"}],"predecessor-version":[{"id":6846,"href":"https:\/\/www.diariomunicipal-al.com.br\/uniao\/wp-json\/wp\/v2\/posts\/6845\/revisions\/6846"}],"wp:attachment":[{"href":"https:\/\/www.diariomunicipal-al.com.br\/uniao\/wp-json\/wp\/v2\/media?parent=6845"}],"wp:term":[{"taxonomy":"category","embeddable":true,"href":"https:\/\/www.diariomunicipal-al.com.br\/uniao\/wp-json\/wp\/v2\/categories?post=6845"},{"taxonomy":"post_tag","embeddable":true,"href":"https:\/\/www.diariomunicipal-al.com.br\/uniao\/wp-json\/wp\/v2\/tags?post=6845"}],"curies":[{"name":"wp","href":"https:\/\/api.w.org\/{rel}","templated":true}]}}