{"id":6856,"date":"2026-09-03T14:03:00","date_gmt":"2026-09-03T17:03:00","guid":{"rendered":"https:\/\/www.diariomunicipal-al.com.br\/uniao\/?p=6856"},"modified":"2026-09-04T08:06:18","modified_gmt":"2026-09-04T11:06:18","slug":"edital-de-chamamento-publico-no-004-2026-alteracao-calendario","status":"publish","type":"post","link":"https:\/\/www.diariomunicipal-al.com.br\/uniao\/edital-de-chamamento-publico-no-004-2026-alteracao-calendario\/","title":{"rendered":"EDITAL DE CHAMAMENTO P\u00daBLICO N\u00ba 004\/2026 &#8211; ALTERA\u00c7\u00c3O CALEND\u00c1RIO"},"content":{"rendered":"\n<p class=\"has-text-align-center wp-block-paragraph\"><strong>ALTERA\u00c7\u00c3O CALEND\u00c1RIO<br>EDITAL DE CHAMAMENTO P\u00daBLICO N\u00ba 004\/2026<br>PROJETOS CULTURAIS PNAB 2026<\/strong><\/p>\n\n\n\n<p class=\"wp-block-paragraph\">A Prefeitura Municipal de Uni\u00e3o dos Palmares, por meio da Secretaria Municipal de Cultura de Uni\u00e3o dos Palmares, informa a altera\u00e7\u00e3o do calend\u00e1rio do Edital n\u00ba 004\/2026 \u2013 \u201cProjetos Culturais PNAB 2026\u201d, haja vista que n\u00e3o foram apresentados recursos entre os dias 28 de agosto a 1 de setembro de 2026, na forma do item 12.9, t\u00e3o pouco houve identifica\u00e7\u00e3o de conte\u00fado denunciativo que exija contrarraz\u00f5es, conforme item 12.9.4. Assim sendo, foram exclu\u00eddas as etapas \u201cPublica\u00e7\u00e3o do resultado da an\u00e1lise dos recursos\u201d e \u201cRecebimento de contrarraz\u00f5es\u201d, de modo a antecipar o calend\u00e1rio da seguinte forma:<\/p>\n\n\n\n<div data-wp-interactive=\"core\/file\" class=\"wp-block-file\"><object data-wp-bind--hidden=\"!state.hasPdfPreview\" hidden class=\"wp-block-file__embed\" data=\"https:\/\/www.diariomunicipal-al.com.br\/uniao\/wp-content\/uploads\/2026\/09\/NOVO-CRONOGRAMA-EDITAL-004-DE-FOMENTO-CULTURAL.pdf\" type=\"application\/pdf\" style=\"width:100%;height:670px\" aria-label=\"Incorporado de NOVO CRONOGRAMA EDITAL 004 DE FOMENTO CULTURAL.\"><\/object><a id=\"wp-block-file--media-eb33ebc4-c81e-44fa-bece-cf58696483f6\" href=\"https:\/\/www.diariomunicipal-al.com.br\/uniao\/wp-content\/uploads\/2026\/09\/NOVO-CRONOGRAMA-EDITAL-004-DE-FOMENTO-CULTURAL.pdf\" target=\"_blank\" rel=\"noreferrer noopener\">NOVO CRONOGRAMA EDITAL 004 DE FOMENTO CULTURAL<\/a><a href=\"https:\/\/www.diariomunicipal-al.com.br\/uniao\/wp-content\/uploads\/2026\/09\/NOVO-CRONOGRAMA-EDITAL-004-DE-FOMENTO-CULTURAL.pdf\" class=\"wp-block-file__button wp-element-button\" download aria-describedby=\"wp-block-file--media-eb33ebc4-c81e-44fa-bece-cf58696483f6\">Baixar<\/a><\/div>\n","protected":false},"excerpt":{"rendered":"<p>ALTERA\u00c7\u00c3O CALEND\u00c1RIOEDITAL DE CHAMAMENTO P\u00daBLICO N\u00ba 004\/2026PROJETOS CULTURAIS PNAB 2026 A Prefeitura Municipal de Uni\u00e3o dos Palmares, por meio da Secretaria Municipal de Cultura de Uni\u00e3o dos Palmares, informa a altera\u00e7\u00e3o do calend\u00e1rio do Edital n\u00ba 004\/2026 \u2013 \u201cProjetos Culturais PNAB 2026\u201d, haja vista que n\u00e3o foram apresentados recursos entre os dias 28 de agosto [&hellip;]<\/p>\n","protected":false},"author":7,"featured_media":0,"comment_status":"open","ping_status":"open","sticky":false,"template":"","format":"standard","meta":{"footnotes":""},"categories":[3],"tags":[],"class_list":["post-6856","post","type-post","status-publish","format-standard","hentry","category-edital"],"_links":{"self":[{"href":"https:\/\/www.diariomunicipal-al.com.br\/uniao\/wp-json\/wp\/v2\/posts\/6856","targetHints":{"allow":["GET"]}}],"collection":[{"href":"https:\/\/www.diariomunicipal-al.com.br\/uniao\/wp-json\/wp\/v2\/posts"}],"about":[{"href":"https:\/\/www.diariomunicipal-al.com.br\/uniao\/wp-json\/wp\/v2\/types\/post"}],"author":[{"embeddable":true,"href":"https:\/\/www.diariomunicipal-al.com.br\/uniao\/wp-json\/wp\/v2\/users\/7"}],"replies":[{"embeddable":true,"href":"https:\/\/www.diariomunicipal-al.com.br\/uniao\/wp-json\/wp\/v2\/comments?post=6856"}],"version-history":[{"count":1,"href":"https:\/\/www.diariomunicipal-al.com.br\/uniao\/wp-json\/wp\/v2\/posts\/6856\/revisions"}],"predecessor-version":[{"id":6858,"href":"https:\/\/www.diariomunicipal-al.com.br\/uniao\/wp-json\/wp\/v2\/posts\/6856\/revisions\/6858"}],"wp:attachment":[{"href":"https:\/\/www.diariomunicipal-al.com.br\/uniao\/wp-json\/wp\/v2\/media?parent=6856"}],"wp:term":[{"taxonomy":"category","embeddable":true,"href":"https:\/\/www.diariomunicipal-al.com.br\/uniao\/wp-json\/wp\/v2\/categories?post=6856"},{"taxonomy":"post_tag","embeddable":true,"href":"https:\/\/www.diariomunicipal-al.com.br\/uniao\/wp-json\/wp\/v2\/tags?post=6856"}],"curies":[{"name":"wp","href":"https:\/\/api.w.org\/{rel}","templated":true}]}}