{"id":6870,"date":"2026-09-04T12:39:30","date_gmt":"2026-09-04T15:39:30","guid":{"rendered":"https:\/\/www.diariomunicipal-al.com.br\/uniao\/?p=6870"},"modified":"2026-09-04T12:39:30","modified_gmt":"2026-09-04T15:39:30","slug":"lei-municipal-no-1-698-de-4-de-setembro-de-2026","status":"publish","type":"post","link":"https:\/\/www.diariomunicipal-al.com.br\/uniao\/lei-municipal-no-1-698-de-4-de-setembro-de-2026\/","title":{"rendered":"LEI MUNICIPAL N\u00ba 1.698, DE 4 DE SETEMBRO DE 2026."},"content":{"rendered":"\n<p class=\"wp-block-paragraph\">DISP\u00d5E SOBRE A ADES\u00c3O DO MUNIC\u00cdPIO DE UNI\u00c3O DOS PALMARES AO CONS\u00d3RCIO INTERMUNICIPAL DO AGRESTE ALAGOANO \u2013 CONAGRESTE, COM A RATIFICA\u00c7\u00c3O DA 3\u00aa ALTERA\u00c7\u00c3O E CONSOLIDA\u00c7\u00c3O DE SEU PROTOCOLO DE INTEN\u00c7\u00d5ES, E D\u00c1 OUTRAS PROVID\u00caNCIAS.<\/p>\n\n\n\n<p class=\"wp-block-paragraph\"><\/p>\n\n\n\n<p class=\"wp-block-paragraph\"><strong>O<\/strong> <strong>PREFEITO DE UNI\u00c3O DOS PALMARES, ALAGOAS,<\/strong> no uso das atribui\u00e7\u00f5es que lhe s\u00e3o conferidas por lei, faz saber que a C\u00e2mara Municipal aprovou e ele sanciona a seguinte lei:<\/p>\n\n\n\n<p class=\"wp-block-paragraph\"><\/p>\n\n\n\n<p class=\"wp-block-paragraph\"><strong>Art. 1\u00ba<\/strong> Fica o Munic\u00edpio de Uni\u00e3o dos Palmares autorizado a aderir ao Cons\u00f3rcio Intermunicipal do Agreste Alagoano \u2013 CONAGRESTE, mediante ratifica\u00e7\u00e3o do Protocolo de Inten\u00e7\u00f5es que o constitui e das modifica\u00e7\u00f5es constantes da sua 3\u00aa Altera\u00e7\u00e3o e Consolida\u00e7\u00e3o, nos termos da Lei Federal n\u00ba 11.107, de 6 de abril de 2005.<\/p>\n\n\n\n<p class=\"wp-block-paragraph\"><strong>Par\u00e1grafo \u00fanico.<\/strong> O texto consolidado do Protocolo de Inten\u00e7\u00f5es e seu Estatuto, juntamente com as altera\u00e7\u00f5es promovidas pela 3\u00aa modifica\u00e7\u00e3o, passam a integrar esta lei como parte insepar\u00e1vel, para todos os efeitos legais.<\/p>\n\n\n\n<p class=\"wp-block-paragraph\"><strong>Art. 2\u00ba<\/strong> Fica o Poder Executivo Municipal autorizado a tomar todas as provid\u00eancias administrativas necess\u00e1rias \u00e0 efetiva\u00e7\u00e3o da ades\u00e3o, inclusive firmar instrumentos, designar representantes e adotar os atos de gest\u00e3o que se fizerem necess\u00e1rios para o ingresso e participa\u00e7\u00e3o do Munic\u00edpio no referido Cons\u00f3rcio.<\/p>\n\n\n\n<p class=\"wp-block-paragraph\"><strong>Art. 3\u00ba<\/strong> Ficam ratificadas todas as delibera\u00e7\u00f5es da Assembleia Geral do CONAGRESTE, realizada em 8 de janeiro de 2025, por ocasi\u00e3o da aprova\u00e7\u00e3o da 3\u00aa Altera\u00e7\u00e3o e Consolida\u00e7\u00e3o do Protocolo de Inten\u00e7\u00f5es.<\/p>\n\n\n\n<p class=\"wp-block-paragraph\"><strong>Art. 4\u00ba<\/strong> A transfer\u00eancia de recursos financeiros ao CONAGRESTE depender\u00e1 da celebra\u00e7\u00e3o de contrato de rateio, da exist\u00eancia de dota\u00e7\u00e3o or\u00e7ament\u00e1ria espec\u00edfica e da observ\u00e2ncia da legisla\u00e7\u00e3o or\u00e7ament\u00e1ria, financeira e de responsabilidade fiscal.<\/p>\n\n\n\n<p class=\"wp-block-paragraph\"><strong>Art. 5\u00ba<\/strong> A celebra\u00e7\u00e3o de contrato de programa, a transfer\u00eancia de encargos ou servi\u00e7os, a cess\u00e3o de servidores e a destina\u00e7\u00e3o de bens municipais depender\u00e3o do cumprimento das exig\u00eancias estabelecidas na legisla\u00e7\u00e3o aplic\u00e1vel e no Protocolo de Inten\u00e7\u00f5es.<\/p>\n\n\n\n<p class=\"wp-block-paragraph\"><strong>Art. 6\u00ba<\/strong> Esta lei entra em vigor na data de sua publica\u00e7\u00e3o.<\/p>\n\n\n\n<p class=\"wp-block-paragraph\"><strong>Art. 7\u00ba<\/strong> Revogam-se as disposi\u00e7\u00f5es em contr\u00e1rio.<\/p>\n\n\n\n<p class=\"wp-block-paragraph\"><\/p>\n\n\n\n<p class=\"wp-block-paragraph\">Uni\u00e3o dos Palmares, Alagoas, em 4 de setembro de 2026.<\/p>\n\n\n\n<p class=\"wp-block-paragraph\"><\/p>\n\n\n\n<p class=\"wp-block-paragraph\"><strong>JOS\u00c9 IRAN MENEZES DA SILVA JUNIOR<\/strong><\/p>\n\n\n\n<p class=\"wp-block-paragraph\">Prefeito<\/p>\n","protected":false},"excerpt":{"rendered":"<p>DISP\u00d5E SOBRE A ADES\u00c3O DO MUNIC\u00cdPIO DE UNI\u00c3O DOS PALMARES AO CONS\u00d3RCIO INTERMUNICIPAL DO AGRESTE ALAGOANO \u2013 CONAGRESTE, COM A RATIFICA\u00c7\u00c3O DA 3\u00aa ALTERA\u00c7\u00c3O E CONSOLIDA\u00c7\u00c3O DE SEU PROTOCOLO DE INTEN\u00c7\u00d5ES, E D\u00c1 OUTRAS PROVID\u00caNCIAS. O PREFEITO DE UNI\u00c3O DOS PALMARES, ALAGOAS, no uso das atribui\u00e7\u00f5es que lhe s\u00e3o conferidas por lei, faz saber que [&hellip;]<\/p>\n","protected":false},"author":2,"featured_media":0,"comment_status":"open","ping_status":"open","sticky":false,"template":"","format":"standard","meta":{"footnotes":""},"categories":[2],"tags":[],"class_list":["post-6870","post","type-post","status-publish","format-standard","hentry","category-leis"],"_links":{"self":[{"href":"https:\/\/www.diariomunicipal-al.com.br\/uniao\/wp-json\/wp\/v2\/posts\/6870","targetHints":{"allow":["GET"]}}],"collection":[{"href":"https:\/\/www.diariomunicipal-al.com.br\/uniao\/wp-json\/wp\/v2\/posts"}],"about":[{"href":"https:\/\/www.diariomunicipal-al.com.br\/uniao\/wp-json\/wp\/v2\/types\/post"}],"author":[{"embeddable":true,"href":"https:\/\/www.diariomunicipal-al.com.br\/uniao\/wp-json\/wp\/v2\/users\/2"}],"replies":[{"embeddable":true,"href":"https:\/\/www.diariomunicipal-al.com.br\/uniao\/wp-json\/wp\/v2\/comments?post=6870"}],"version-history":[{"count":1,"href":"https:\/\/www.diariomunicipal-al.com.br\/uniao\/wp-json\/wp\/v2\/posts\/6870\/revisions"}],"predecessor-version":[{"id":6871,"href":"https:\/\/www.diariomunicipal-al.com.br\/uniao\/wp-json\/wp\/v2\/posts\/6870\/revisions\/6871"}],"wp:attachment":[{"href":"https:\/\/www.diariomunicipal-al.com.br\/uniao\/wp-json\/wp\/v2\/media?parent=6870"}],"wp:term":[{"taxonomy":"category","embeddable":true,"href":"https:\/\/www.diariomunicipal-al.com.br\/uniao\/wp-json\/wp\/v2\/categories?post=6870"},{"taxonomy":"post_tag","embeddable":true,"href":"https:\/\/www.diariomunicipal-al.com.br\/uniao\/wp-json\/wp\/v2\/tags?post=6870"}],"curies":[{"name":"wp","href":"https:\/\/api.w.org\/{rel}","templated":true}]}}