{"id":6875,"date":"2026-09-04T13:22:05","date_gmt":"2026-09-04T16:22:05","guid":{"rendered":"https:\/\/www.diariomunicipal-al.com.br\/uniao\/?p=6875"},"modified":"2026-09-04T13:22:05","modified_gmt":"2026-09-04T16:22:05","slug":"resultado-julgamento-chamada-publica-no-01-2026-2","status":"publish","type":"post","link":"https:\/\/www.diariomunicipal-al.com.br\/uniao\/resultado-julgamento-chamada-publica-no-01-2026-2\/","title":{"rendered":"Resultado Julgamento Chamada P\u00fablica n\u00ba 01\/2026"},"content":{"rendered":"\n<p class=\"wp-block-paragraph\"><\/p>\n\n\n\n<p class=\"wp-block-paragraph\">A Comiss\u00e3o Permanente de Contrata\u00e7\u00e3o reuniu-se para realizar a an\u00e1lise e julgamento dos documentos entregues pelos participantes \u00e0 t\u00edtulo de dilig\u00eancias, conforme segue abaixo:<\/p>\n\n\n\n<p class=\"wp-block-paragraph\"><strong>01 &#8211; ASSOCIA\u00c7\u00c3O DE PEQUENOS AGRICULTORES DA COMUNIDADE TIMBO<\/strong> <strong>&#8211; CNPJ DE N\u00ba: 28.016.488\/0001-64<\/strong>:<\/p>\n\n\n\n<p class=\"wp-block-paragraph\">Desclassificada para o item CENOURA, por apresentar projeto de venda com valor acima do limite legal por associado.<\/p>\n\n\n\n<p class=\"wp-block-paragraph\">Desclassificada para o item Farinha de mandioca, POR N\u00c3O APRESENTAR documento referente ao item 6.1.3.VIII.<\/p>\n\n\n\n<p class=\"wp-block-paragraph\">Com rela\u00e7\u00e3o aos demais itens, a mesma encontra-se regular, pelo atendimento das exig\u00eancias contidas em edital.<\/p>\n\n\n\n<p class=\"wp-block-paragraph\"><strong>02 &#8211; JOSE VALTER DA SILVA SANTOS &#8211; CPF DE N\u00ba 009.921.524-10<\/strong>: \u2013 Classificado como GRUPO INFORMAL e GRUPO DE PROJETOS DE FORNECEDORES LOCAIS: Quanto a <strong>DOCUMENTA\u00c7\u00c3O<\/strong>:<\/p>\n\n\n\n<p class=\"wp-block-paragraph\">Desclassificado para os itens 21 \u2013 IOGURTE, 22 \u2013 IOGURTE NATURAL e QUEIJO COALHO, pois n\u00e3o apresentou o documento referente ao item 6.1.2.IV devidamente atualizado. Cabe ressaltar que foi apresentado o Termo de Inspe\u00e7\u00e3o da Vigil\u00e2ncia Sanit\u00e1ria, por\u00e9m o documento que comprova a atendimento aos requisitos higi\u00eanico-sanit\u00e1rios n\u00e3o foi apresentado.<\/p>\n\n\n\n<p class=\"wp-block-paragraph\"><strong>03 &#8211; ASSOCIA\u00c7\u00c3O DOS MINI PRODUTORES DO VALE DA PELADA &#8211; CNPJ DE N\u00ba 16.692.430\/0001-51<\/strong>: encontra-se regular, pelo atendimento das exig\u00eancias contidas em edital.<\/p>\n\n\n\n<p class=\"wp-block-paragraph\"><strong>04 &#8211; ASSOCIA\u00c7\u00c3O DOS APICULTORES DO MUNIC. DE UNI\u00c3O DOS PALMARES-ASAUP &#8211; CNPJ DE N\u00ba 03.432.763\/0001-08<\/strong>: encontra-se regular, pelo atendimento das exig\u00eancias contidas em edital.<\/p>\n\n\n\n<p class=\"wp-block-paragraph\"><strong>05 &#8211;<\/strong> <strong>ASSOCIA\u00c7\u00c3O DE AGRICULTORES FAMILIARES DA COMUNIDADE AMOLAR-AFACAM &#8211; CNPJ DE N\u00ba 22.662.792\/0001-00<\/strong>:<\/p>\n\n\n\n<p class=\"wp-block-paragraph\">Desclassificada para o item CENOURA, por apresentar projeto de venda com valor acima do limite legal por associado.<\/p>\n\n\n\n<p class=\"wp-block-paragraph\">Desclassificada para o item Farinha de mandioca, POR N\u00c3O APRESENTAR documento referente ao item 6.1.3.VIII.<\/p>\n\n\n\n<p class=\"wp-block-paragraph\">Com rela\u00e7\u00e3o aos demais itens, a mesma encontra-se regular, pelo atendimento das exig\u00eancias contidas em edital.<\/p>\n\n\n\n<p class=\"wp-block-paragraph\"><strong>06 &#8211; ASSOCIA\u00c7\u00c3O DE AGRICULTORES FAMILIARES DO FUNDO DO SURR\u00c3O &#8211; CNPJ DE N\u00ba 22.533.466\/0001-95<\/strong>: encontra-se regular, pelo atendimento das exig\u00eancias contidas em edital.<\/p>\n\n\n\n<p class=\"wp-block-paragraph\"><strong>07 &#8211; ASSOCIA\u00c7\u00c3O \u00c0DAPO DA COM MUQU\u00c9M DE REMANESCENTES QUILOMBOLAS DE UNI\u00c3O DOS PALMARES-AL &#8211; CNPJ N\u00ba 14.132.654\/0001-83<\/strong>: Desclassificada para o item CENOURA, por apresentar projeto de venda com valor acima do limite legal por associado.<\/p>\n\n\n\n<p class=\"wp-block-paragraph\">Desclassificada para itens BOLO DE BANANA, BOLO DE MASSAPUBA, BOLO DE MILHO e BOLO DE P\u00c9 DE MOLEQUE por contrariar a exig\u00eancia referente ao item 6.1.3.VI, visto que a produ\u00e7\u00e3o dos produtos se dar\u00e1 por outra Cooperativa.<\/p>\n\n\n\n<p class=\"wp-block-paragraph\">Com rela\u00e7\u00e3o aos demais itens, a mesma encontra-se regular, pelo atendimento das exig\u00eancias contidas em edital.<\/p>\n\n\n\n<p class=\"wp-block-paragraph\"><strong>08 &#8211; ASSOCIA\u00c7\u00c3O DAS MULHERES AGRICULTORAS E EMPREENDEDORAS QUILOMBOLAS DO POVOADO MUQU\u00c9M &#8211; CNPJ N\u00ba 41.804.749\/0001-79<\/strong>: Desclassificada para o item CENOURA, por apresentar projeto de venda com valor acima do limite legal por associado.<\/p>\n\n\n\n<p class=\"wp-block-paragraph\">Desclassificada para itens BOLO DE BANANA, BOLO DE MASSAPUBA, BOLO DE MILHO e BOLO DE P\u00c9 DE MOLEQUE por contrariar a exig\u00eancia referente ao item 6.1.3.VI, visto que a produ\u00e7\u00e3o dos produtos se dar\u00e1 por outra Cooperativa.<\/p>\n\n\n\n<p class=\"wp-block-paragraph\">Com rela\u00e7\u00e3o aos demais itens, a mesma encontra-se regular, pelo atendimento das exig\u00eancias contidas em edital.<\/p>\n\n\n\n<p class=\"wp-block-paragraph\"><strong>09 &#8211; ASSOCIA\u00c7\u00c3O DAS COMUNIDADES DE REMNESCENTES QUILOMBOLAS DA REGI\u00c3O DOS QUILOMBOS DE ALAGOAS ACQQ &#8211; CNPJ N\u00ba 45.924.146\/0001-61<\/strong>: Desclassificada para o item CENOURA, por apresentar projeto de venda com valor acima do limite legal por associado.<\/p>\n\n\n\n<p class=\"wp-block-paragraph\">Desclassificada para itens BOLO DE BANANA, BOLO DE MASSAPUBA, BOLO DE MILHO e BOLO DE P\u00c9 DE MOLEQUE por contrariar a exig\u00eancia referente ao item 6.1.3.VI, visto que a produ\u00e7\u00e3o dos produtos se dar\u00e1 por outra Cooperativa.<\/p>\n\n\n\n<p class=\"wp-block-paragraph\">Com rela\u00e7\u00e3o aos demais itens, a mesma encontra-se regular, pelo atendimento das exig\u00eancias contidas em edital.<\/p>\n\n\n\n<p class=\"wp-block-paragraph\"><strong>10 &#8211; ASSOCIA\u00c7\u00c3O DAS AGRICULTORAS FAMILIARES DO SITIO DUAS BARRAS &#8211; CNPJ DE N\u00ba 30.416.872\/0001-04<\/strong>:<\/p>\n\n\n\n<p class=\"wp-block-paragraph\">Desclassificada para o item CENOURA, por apresentar projeto de venda com valor acima do limite legal por associado.<\/p>\n\n\n\n<p class=\"wp-block-paragraph\">Desclassificada para o item Farinha de mandioca, POR N\u00c3O APRESENTAR documento referente ao item 6.1.3.VIII.<\/p>\n\n\n\n<p class=\"wp-block-paragraph\">Com rela\u00e7\u00e3o aos demais itens, a mesma encontra-se regular, pelo atendimento das exig\u00eancias contidas em edital.<\/p>\n\n\n\n<p class=\"wp-block-paragraph\"><strong>11 &#8211; ASSOCIA\u00c7\u00c3O COMUNIT\u00c1RIA DA PINDOBA II &#8211; CNPJ DE N\u00ba 10.776.755\/0001-36<\/strong>: encontra-se regular, pelo atendimento das exig\u00eancias contidas em edital.<\/p>\n\n\n\n<p class=\"wp-block-paragraph\"><strong>12 &#8211; COOPERATIVA DOS PEQUENOS PRODUTORES RURAIS DO VALE DO MUNDA\u00da \u2013 COOPERVALE &#8211; CNPJ N\u00ba 09.127.716\/0001-29<\/strong>: encontra-se regular, pelo atendimento das exig\u00eancias contidas em edital.<\/p>\n\n\n\n<p class=\"wp-block-paragraph\"><strong>13 &#8211; ASSOCIA\u00c7\u00c3O DOS TRABALHADORES RURAIS DO ASSENTAMENTO PAULO FREIRE &#8211; CNPJ DE N\u00ba 05.705.558\/0001-96<\/strong>: encontra-se regular, pelo atendimento das exig\u00eancias contidas em edital.<\/p>\n\n\n\n<p class=\"wp-block-paragraph\"><strong>14 &#8211; ASSOCIA\u00c7\u00c3O DOS PEQUENOS PRODUTORES DO S\u00cdTIO GORDO &#8211; CNPJ DE N\u00ba 01.223.351\/0001-24<\/strong>: encontra-se regular, pelo atendimento das exig\u00eancias contidas em edital.<\/p>\n\n\n\n<p class=\"wp-block-paragraph\"><strong>15 &#8211; ASSOCIA\u00c7\u00c3O DO ASSENTAMENTO CHICO MENDES &#8211; CNPJ DE N\u00ba 07.099.407\/0001-67<\/strong>: encontra-se regular, pelo atendimento das exig\u00eancias contidas em edital.<\/p>\n\n\n\n<p class=\"wp-block-paragraph\">Passando a analisar os PROJETOS DE VENDAS de forma individual, conforme planilha em anexo, verificou-se que:<\/p>\n\n\n\n<p class=\"wp-block-paragraph\">1 &#8211; Alguns projetos de vendas constam com a indica\u00e7\u00e3o do mesmo Associado, ultrapassando o limite por CAF de R$ 40.000,00 (quarenta mil reais);<\/p>\n\n\n\n<p class=\"wp-block-paragraph\">2 \u2013 Alguns projetos de vendas constam com o mesmo Associado ofertando mais de um produto ultrapassando o valor limite por CAF de R$ 40.000,00 (quarenta mil reais);<\/p>\n\n\n\n<p class=\"wp-block-paragraph\">3 &#8211; Alguns projetos de vendas mencionam Associados que n\u00e3o fazem parte do quadro societ\u00e1rio da referida Associa\u00e7\u00e3o.<\/p>\n\n\n\n<p class=\"wp-block-paragraph\">Desta forma, por contrariarem o edital em seu item 3.1: \u201c<em>Para a comercializa\u00e7\u00e3o com fornecedores(as) individuais e grupos informais, os contratos individuais firmados devem respeitar o valor m\u00e1ximo de comercializa\u00e7\u00e3o no total de R$ 40.000,00 (quarenta mil reais), por CAF ou NIS, por ano civil, por EEx.<\/em>\u201d; bem como as Leis e Resolu\u00e7\u00f5es que regulamentam a aquisi\u00e7\u00e3o de g\u00eaneros aliment\u00edcios componentes da merenda escolar atrav\u00e9s da agricultura familiar, os referidos itens ser\u00e3o DESCLASSIFICADOS.<\/p>\n\n\n\n<p class=\"wp-block-paragraph\">Segue anexo a ata a rela\u00e7\u00e3o do Quadro Societ\u00e1rio da ASSOCIA\u00c7\u00c3O DOS MINI PRODUTORES DO VALE DA PELADA, bem como as CAFs das Unidades Familiares que apresentaram uma das situa\u00e7\u00f5es anteriormente mencionadas.<\/p>\n\n\n\n<p class=\"wp-block-paragraph\">Abre-se o prazo de 03 (tr\u00eas) dias \u00fateis para interposi\u00e7\u00e3o de recurso administrativo, contados da data desta publica\u00e7\u00e3o.<\/p>\n\n\n\n<div data-wp-interactive=\"core\/file\" class=\"wp-block-file\"><object data-wp-bind--hidden=\"!state.hasPdfPreview\" hidden class=\"wp-block-file__embed\" data=\"https:\/\/www.diariomunicipal-al.com.br\/uniao\/wp-content\/uploads\/2026\/09\/ATA-SESSAO-2-CHAMADA.pdf\" type=\"application\/pdf\" style=\"width:100%;height:600px\" aria-label=\"Incorporado de ATA SESS\u00c3O 2 CHAMADA.\"><\/object><a id=\"wp-block-file--media-ef02f426-6461-47be-b6c0-a71d5f3b2106\" href=\"https:\/\/www.diariomunicipal-al.com.br\/uniao\/wp-content\/uploads\/2026\/09\/ATA-SESSAO-2-CHAMADA.pdf\">ATA SESS\u00c3O 2 CHAMADA<\/a><a href=\"https:\/\/www.diariomunicipal-al.com.br\/uniao\/wp-content\/uploads\/2026\/09\/ATA-SESSAO-2-CHAMADA.pdf\" class=\"wp-block-file__button wp-element-button\" download aria-describedby=\"wp-block-file--media-ef02f426-6461-47be-b6c0-a71d5f3b2106\">Baixar<\/a><\/div>\n\n\n\n<div data-wp-interactive=\"core\/file\" class=\"wp-block-file\"><object data-wp-bind--hidden=\"!state.hasPdfPreview\" hidden class=\"wp-block-file__embed\" data=\"https:\/\/www.diariomunicipal-al.com.br\/uniao\/wp-content\/uploads\/2026\/09\/planilha.pdf\" type=\"application\/pdf\" style=\"width:100%;height:600px\" aria-label=\"Incorporado de planilha.\"><\/object><a id=\"wp-block-file--media-15fca4e0-88c3-4526-b24a-73d53618150c\" href=\"https:\/\/www.diariomunicipal-al.com.br\/uniao\/wp-content\/uploads\/2026\/09\/planilha.pdf\">planilha<\/a><a href=\"https:\/\/www.diariomunicipal-al.com.br\/uniao\/wp-content\/uploads\/2026\/09\/planilha.pdf\" class=\"wp-block-file__button wp-element-button\" download aria-describedby=\"wp-block-file--media-15fca4e0-88c3-4526-b24a-73d53618150c\">Baixar<\/a><\/div>\n\n\n\n<div data-wp-interactive=\"core\/file\" class=\"wp-block-file\"><object data-wp-bind--hidden=\"!state.hasPdfPreview\" hidden class=\"wp-block-file__embed\" data=\"https:\/\/www.diariomunicipal-al.com.br\/uniao\/wp-content\/uploads\/2026\/09\/2-extrato-socios-pessoa-juridica-vale-da-pelada.pdf\" type=\"application\/pdf\" style=\"width:100%;height:600px\" aria-label=\"Incorporado de 2 - extrato-socios-pessoa-juridica vale da pelada.\"><\/object><a id=\"wp-block-file--media-89ca42dc-2706-496a-a0b4-c4a7c8d661ea\" href=\"https:\/\/www.diariomunicipal-al.com.br\/uniao\/wp-content\/uploads\/2026\/09\/2-extrato-socios-pessoa-juridica-vale-da-pelada.pdf\">2 &#8211; extrato-socios-pessoa-juridica vale da pelada<\/a><a href=\"https:\/\/www.diariomunicipal-al.com.br\/uniao\/wp-content\/uploads\/2026\/09\/2-extrato-socios-pessoa-juridica-vale-da-pelada.pdf\" class=\"wp-block-file__button wp-element-button\" download aria-describedby=\"wp-block-file--media-89ca42dc-2706-496a-a0b4-c4a7c8d661ea\">Baixar<\/a><\/div>\n\n\n\n<div data-wp-interactive=\"core\/file\" class=\"wp-block-file\"><object data-wp-bind--hidden=\"!state.hasPdfPreview\" hidden class=\"wp-block-file__embed\" data=\"https:\/\/www.diariomunicipal-al.com.br\/uniao\/wp-content\/uploads\/2026\/09\/4-CAFS-ANALISADAS.pdf\" type=\"application\/pdf\" style=\"width:100%;height:600px\" aria-label=\"Incorporado de 4 - CAFS ANALISADAS.\"><\/object><a id=\"wp-block-file--media-986959e4-4e82-4708-8e27-dc83f3b833a1\" href=\"https:\/\/www.diariomunicipal-al.com.br\/uniao\/wp-content\/uploads\/2026\/09\/4-CAFS-ANALISADAS.pdf\">4 &#8211; CAFS ANALISADAS<\/a><a href=\"https:\/\/www.diariomunicipal-al.com.br\/uniao\/wp-content\/uploads\/2026\/09\/4-CAFS-ANALISADAS.pdf\" class=\"wp-block-file__button wp-element-button\" download aria-describedby=\"wp-block-file--media-986959e4-4e82-4708-8e27-dc83f3b833a1\">Baixar<\/a><\/div>\n","protected":false},"excerpt":{"rendered":"<p>A Comiss\u00e3o Permanente de Contrata\u00e7\u00e3o reuniu-se para realizar a an\u00e1lise e julgamento dos documentos entregues pelos participantes \u00e0 t\u00edtulo de dilig\u00eancias, conforme segue abaixo: 01 &#8211; ASSOCIA\u00c7\u00c3O DE PEQUENOS AGRICULTORES DA COMUNIDADE TIMBO &#8211; CNPJ DE N\u00ba: 28.016.488\/0001-64: Desclassificada para o item CENOURA, por apresentar projeto de venda com valor acima do limite legal por [&hellip;]<\/p>\n","protected":false},"author":5,"featured_media":0,"comment_status":"open","ping_status":"open","sticky":false,"template":"","format":"standard","meta":{"footnotes":""},"categories":[1],"tags":[],"class_list":["post-6875","post","type-post","status-publish","format-standard","hentry","category-licitacoes"],"_links":{"self":[{"href":"https:\/\/www.diariomunicipal-al.com.br\/uniao\/wp-json\/wp\/v2\/posts\/6875","targetHints":{"allow":["GET"]}}],"collection":[{"href":"https:\/\/www.diariomunicipal-al.com.br\/uniao\/wp-json\/wp\/v2\/posts"}],"about":[{"href":"https:\/\/www.diariomunicipal-al.com.br\/uniao\/wp-json\/wp\/v2\/types\/post"}],"author":[{"embeddable":true,"href":"https:\/\/www.diariomunicipal-al.com.br\/uniao\/wp-json\/wp\/v2\/users\/5"}],"replies":[{"embeddable":true,"href":"https:\/\/www.diariomunicipal-al.com.br\/uniao\/wp-json\/wp\/v2\/comments?post=6875"}],"version-history":[{"count":1,"href":"https:\/\/www.diariomunicipal-al.com.br\/uniao\/wp-json\/wp\/v2\/posts\/6875\/revisions"}],"predecessor-version":[{"id":6880,"href":"https:\/\/www.diariomunicipal-al.com.br\/uniao\/wp-json\/wp\/v2\/posts\/6875\/revisions\/6880"}],"wp:attachment":[{"href":"https:\/\/www.diariomunicipal-al.com.br\/uniao\/wp-json\/wp\/v2\/media?parent=6875"}],"wp:term":[{"taxonomy":"category","embeddable":true,"href":"https:\/\/www.diariomunicipal-al.com.br\/uniao\/wp-json\/wp\/v2\/categories?post=6875"},{"taxonomy":"post_tag","embeddable":true,"href":"https:\/\/www.diariomunicipal-al.com.br\/uniao\/wp-json\/wp\/v2\/tags?post=6875"}],"curies":[{"name":"wp","href":"https:\/\/api.w.org\/{rel}","templated":true}]}}