{"id":846,"date":"2022-06-07T14:42:25","date_gmt":"2022-06-07T17:42:25","guid":{"rendered":"https:\/\/www.diariomunicipal-al.com.br\/uniao\/?p=846"},"modified":"2022-06-07T15:01:11","modified_gmt":"2022-06-07T18:01:11","slug":"aviso-de-chamada-publica","status":"publish","type":"post","link":"https:\/\/www.diariomunicipal-al.com.br\/uniao\/aviso-de-chamada-publica\/","title":{"rendered":"AVISO DE CHAMADA P\u00daBLICA"},"content":{"rendered":"\n<p><a>A Prefeitura de Uni\u00e3o dos Palmares informa a abertura da Chamada P\u00fablica n\u00ba 01\/2022. Objeto: Aquisi\u00e7\u00e3o de G\u00eaneros Aliment\u00edcios da Agricultura Familiar. Data: 30\/06\/2022, \u00e0s 10h00min. Editais Dispon\u00edveis na Rua Marechal Deodoro da Fonseca, s\/n, Centro, Uni\u00e3o dos Palmares\/AL, no s\u00edtio www.uniaodospalmares.al.gov.br ou ainda pelo e-mail licitauniao@gmail.com<\/a>.<\/p>\n\n\n\n<p>Amanda Santos de Oliveira<\/p>\n\n\n\n<p>Presidente da CPL<\/p>\n\n\n\n<div data-wp-interactive=\"core\/file\" class=\"wp-block-file\"><object data-wp-bind--hidden=\"!state.hasPdfPreview\" hidden class=\"wp-block-file__embed\" data=\"https:\/\/www.diariomunicipal-al.com.br\/uniao\/wp-content\/uploads\/2022\/06\/EDITAL-CHAMADA-PUBLICA-01-2022-1.pdf\" type=\"application\/pdf\" style=\"width:100%;height:600px\" aria-label=\"Incorporado de Incorporado de EDITAL-CHAMADA-PUBLICA-01-2022-1..\"><\/object><a href=\"https:\/\/www.diariomunicipal-al.com.br\/uniao\/wp-content\/uploads\/2022\/06\/EDITAL-CHAMADA-PUBLICA-01-2022-1.pdf\">EDITAL-CHAMADA-PUBLICA-01-2022-1<\/a><a href=\"https:\/\/www.diariomunicipal-al.com.br\/uniao\/wp-content\/uploads\/2022\/06\/EDITAL-CHAMADA-PUBLICA-01-2022-1.pdf\" class=\"wp-block-file__button\" download>Baixar<\/a><\/div>\n","protected":false},"excerpt":{"rendered":"<p>A Prefeitura de Uni\u00e3o dos Palmares informa a abertura da Chamada P\u00fablica n\u00ba 01\/2022. Objeto: Aquisi\u00e7\u00e3o de G\u00eaneros Aliment\u00edcios da Agricultura Familiar. Data: 30\/06\/2022, \u00e0s 10h00min. Editais Dispon\u00edveis na Rua Marechal Deodoro da Fonseca, s\/n, Centro, Uni\u00e3o dos Palmares\/AL, no s\u00edtio www.uniaodospalmares.al.gov.br ou ainda pelo e-mail licitauniao@gmail.com. Amanda Santos de Oliveira Presidente da CPL<\/p>\n","protected":false},"author":5,"featured_media":0,"comment_status":"open","ping_status":"open","sticky":false,"template":"","format":"standard","meta":{"footnotes":""},"categories":[1],"tags":[],"class_list":["post-846","post","type-post","status-publish","format-standard","hentry","category-licitacoes"],"_links":{"self":[{"href":"https:\/\/www.diariomunicipal-al.com.br\/uniao\/wp-json\/wp\/v2\/posts\/846","targetHints":{"allow":["GET"]}}],"collection":[{"href":"https:\/\/www.diariomunicipal-al.com.br\/uniao\/wp-json\/wp\/v2\/posts"}],"about":[{"href":"https:\/\/www.diariomunicipal-al.com.br\/uniao\/wp-json\/wp\/v2\/types\/post"}],"author":[{"embeddable":true,"href":"https:\/\/www.diariomunicipal-al.com.br\/uniao\/wp-json\/wp\/v2\/users\/5"}],"replies":[{"embeddable":true,"href":"https:\/\/www.diariomunicipal-al.com.br\/uniao\/wp-json\/wp\/v2\/comments?post=846"}],"version-history":[{"count":2,"href":"https:\/\/www.diariomunicipal-al.com.br\/uniao\/wp-json\/wp\/v2\/posts\/846\/revisions"}],"predecessor-version":[{"id":851,"href":"https:\/\/www.diariomunicipal-al.com.br\/uniao\/wp-json\/wp\/v2\/posts\/846\/revisions\/851"}],"wp:attachment":[{"href":"https:\/\/www.diariomunicipal-al.com.br\/uniao\/wp-json\/wp\/v2\/media?parent=846"}],"wp:term":[{"taxonomy":"category","embeddable":true,"href":"https:\/\/www.diariomunicipal-al.com.br\/uniao\/wp-json\/wp\/v2\/categories?post=846"},{"taxonomy":"post_tag","embeddable":true,"href":"https:\/\/www.diariomunicipal-al.com.br\/uniao\/wp-json\/wp\/v2\/tags?post=846"}],"curies":[{"name":"wp","href":"https:\/\/api.w.org\/{rel}","templated":true}]}}